{"id":16972,"date":"2020-11-07T16:35:57","date_gmt":"2020-11-07T15:35:57","guid":{"rendered":"https:\/\/senzor.ba\/?p=16972"},"modified":"2024-01-15T21:43:19","modified_gmt":"2024-01-15T20:43:19","slug":"inzko-izvjestaje-koje-vlada-rs-a-salje-u-vijece-sigurnosti-un-a-niko-ne-cita","status":"publish","type":"post","link":"https:\/\/tvsensor.com\/clanak\/inzko-izvjestaje-koje-vlada-rs-a-salje-u-vijece-sigurnosti-un-a-niko-ne-cita\/","title":{"rendered":"Inzko: \u201cIzvje\u0161taje koje Vlada RS-a \u0161alje u Vije\u0107e sigurnosti UN-a niko ne \u010dita\u201d"},"content":{"rendered":"\n<p>Valentin Inzko, visoki predstavnik me\u0111unarodne zajednice u Bosni i Hercegovini, govorio je u razgovoru za televiziju N1 o svom izvje\u0161taju o stanju u Bosni i Hercegovini koji je ju\u010der podnio Vije\u0107u sigurnosti Ujedinjenih nacija, kao i o reakcijama doma\u0107ih politi\u010dara koje su uslijedile, prije svih Milorada Dodika, \u010dlana Predsjedni\u0161va BiH.<\/p>\n\n\n\n<p>Na pitanje novinara Zvonka Kom\u0161i\u0107a kakav efekt imaju izvje\u0161taji koje Vije\u0107u sigurnosti redovno \u0161alje Vlada Republike Srpske, Inzko je odgovorio da je rije\u010d o potpuno irelevantnoj i besmislenoj kampanji. \u201cProvjeravao sam i uvjerio se da te izvje\u0161taje ne \u010dita niko, osim, eventualno, ambasadora Rusije. Prema Dejtonskom sporazumu, samo visoki predstavnik pi\u0161e redovne izvje\u0161taje o Bosni i Hercegovini. Drugo, za korespondenciju s UN-om zadu\u017eena je Ambasada Bosne i Hercegovine u New Yorku, odnosno Ministarstvo vanjskih poslova BiH. Ta pisma koja neko \u0161alje iz Banje Luke, ne idu tim kanalima, niti ih iko u UN-u \u010dita.\u201d<\/p>\n\n\n\n<p>Odgovaraju\u0107i na opu\u017ebe Milorada Dodika da njegove izvje\u0161taje koje podnosi Vije\u0107u sigurnosti UN-a \u201cpi\u0161u musimani iz njegovog kabineta\u201d, Valentin Inzko se grohotom nasmijao, nakon \u010dega je rekao:\u201dTo je glupo i smije\u0161no, izvinite. Izvje\u0161taji koje podnosim, nastaju na ozbiljan i sistemati\u010dan na\u010din, a po pravilu, pi\u0161u ga ljudi kojima je engleski jezik maternji. To je osjetljiv tekst u kojem je va\u017ean svaki zarez, ta\u010dka, i zato je va\u017eno da ga pi\u0161u vrhunski profesionalci kojima je engleski maternji jezik \u2013 Englezi, Amerikanci, Australci. Naravno da u tom procesu sudjeluje dosta ljudi iz OHR-a i ja uop\u0107e ne pitam ko je od njih musliman, katolik, pravoslavac, jer je to smije\u0161no.\u201d<\/p>\n","protected":false},"excerpt":{"rendered":"<p>Valentin Inzko, visoki predstavnik me\u0111unarodne zajednice u Bosni i Hercegovini, govorio je u razgovoru za televiziju N1 o svom izvje\u0161taju o stanju u Bosni i Hercegovini koji je ju\u010der podnio Vije\u0107u sigurnosti Ujedinjenih nacija, kao i o reakcijama doma\u0107ih politi\u010dara koje su uslijedile, prije svih Milorada Dodika, \u010dlana Predsjedni\u0161va BiH. Na pitanje novinara Zvonka Kom\u0161i\u0107a [&hellip;]<\/p>\n","protected":false},"author":59,"featured_media":16973,"comment_status":"open","ping_status":"closed","sticky":false,"template":"","format":"standard","meta":{"inline_featured_image":false,"footnotes":""},"categories":[38],"tags":[],"class_list":{"0":"post-16972","1":"post","2":"type-post","3":"status-publish","4":"format-standard","5":"has-post-thumbnail","7":"category-vijesti-iz-bih"},"acf":[],"_links":{"self":[{"href":"https:\/\/tvsensor.com\/api\/wp\/v2\/posts\/16972","targetHints":{"allow":["GET"]}}],"collection":[{"href":"https:\/\/tvsensor.com\/api\/wp\/v2\/posts"}],"about":[{"href":"https:\/\/tvsensor.com\/api\/wp\/v2\/types\/post"}],"author":[{"embeddable":true,"href":"https:\/\/tvsensor.com\/api\/wp\/v2\/users\/59"}],"replies":[{"embeddable":true,"href":"https:\/\/tvsensor.com\/api\/wp\/v2\/comments?post=16972"}],"version-history":[{"count":2,"href":"https:\/\/tvsensor.com\/api\/wp\/v2\/posts\/16972\/revisions"}],"predecessor-version":[{"id":16975,"href":"https:\/\/tvsensor.com\/api\/wp\/v2\/posts\/16972\/revisions\/16975"}],"wp:featuredmedia":[{"embeddable":true,"href":"https:\/\/tvsensor.com\/api\/wp\/v2\/media\/16973"}],"wp:attachment":[{"href":"https:\/\/tvsensor.com\/api\/wp\/v2\/media?parent=16972"}],"wp:term":[{"taxonomy":"category","embeddable":true,"href":"https:\/\/tvsensor.com\/api\/wp\/v2\/categories?post=16972"},{"taxonomy":"post_tag","embeddable":true,"href":"https:\/\/tvsensor.com\/api\/wp\/v2\/tags?post=16972"}],"curies":[{"name":"wp","href":"https:\/\/api.w.org\/{rel}","templated":true}]}}