{"id":16968,"date":"2020-11-07T11:45:53","date_gmt":"2020-11-07T10:45:53","guid":{"rendered":"https:\/\/senzor.ba\/?p=16968"},"modified":"2024-01-15T21:43:19","modified_gmt":"2024-01-15T20:43:19","slug":"inzko-dejton-ne-dozvoljava-osporavanje-drzave-ignorisanje-sudova-je-rak-rana-bih","status":"publish","type":"post","link":"https:\/\/tvsensor.com\/clanak\/inzko-dejton-ne-dozvoljava-osporavanje-drzave-ignorisanje-sudova-je-rak-rana-bih\/","title":{"rendered":"Inzko: Dejton ne dozvoljava osporavanje dr\u017eave, ignorisanje sudova je &#8220;rak rana&#8221; BiH"},"content":{"rendered":"\n<p>Dejtonski mirovni sporazum &#8220;nikome ne daje pravo da osporava dr\u017eavu ili njen narod&#8221;, rekao je visoki predstavnik Valentin Inzko danas u\u010desnicima me\u0111unarodne konferencije.Obrativ\u0161i im se na online simpoziju o naslije\u0111u Dejtonskog mirovnog sporazuma u organizaciji Yale univerziteta i njegovog studijskog programa o genocidu te Akademskog ureda Dr\u017eavnog univerziteta ju\u017enog Connecticuta, visoki predstavnik je rekao da &#8220;u anketi za anketom, gra\u0111ani BiH govore da je nepostojanje vladavine prava najve\u0107a prijetnja svakodnevnom \u017eivotu u ovoj zemlji&#8221;.<\/p>\n\n\n\n<p>Rekao je da je osporavanje ili ignorisanje sudskih odluka &#8220;rak rana koja \u0107e uni\u0161titi politiku Bosne i Hercegovine ukoliko ne bude odstranjena&#8221;.<\/p>\n\n\n\n<p>\u201cDok se pribli\u017eavamo 25. godi\u0161njici Dejtonskog mirovnog sporazuma, mo\u017eemo se osvrnuti na niz postignu\u0107a koja su unaprijedili \u017eivot gra\u0111ana BiH. Prvo od njih, temeljni cilj Sporazuma, jeste mir&#8221;, rekao je visoki predstavnik.<\/p>\n\n\n\n<p>On je dodao da je u poslijeratnom periodu proveden niz reformi koje su &#8220;Bosni i Hercegovini dale institucionalnu i zakonsku infrastrukturu potrebnu da ona funkcionira kao moderna demokratija&#8221;, te da se iz toga da zaklju\u010diti da je napredak mogu\u0107.<\/p>\n\n\n\n<p>&#8220;Gre\u0161ke se mogu ispraviti, a te\u0161ki problemi se mogu rije\u0161iti&#8221;, rekao je Inzko.<\/p>\n\n\n\n<p>Me\u0111utim, tako\u0111er je naglasio da Bosna i Hercegovina danas stagnira.<\/p>\n\n\n\n<p>&#8220;Njeni mladi odlaze, a njene glavne politi\u010dke stranke zapele su u sistemu politi\u010dkog pokroviteljstva i korupcije. U cijelom javnom sektoru savjesni nastavnici, dr\u017eavni slu\u017ebenici, komunalni radnici, policajci i mnogi drugi svaki dan vrijedno i dobro koriste te\u0161ko ste\u010deno znanje, ali ne dobijaju adekvatnu naknadu iz neodgovaraju\u0107ih bud\u017eeta i od glomazne administracije&#8221;, istakao je Inzko.<\/p>\n\n\n\n<p>Visoki predstavnik je naglasio da takva situacija nije neminovni rezultat poslijeratnog rje\u0161enja i da &#8220;upravo kako je me\u0111unarodna zajednica, pod koordinacijom OHR-a, uspje\u0161no realizirala klju\u010dne elemente oporavka u prvoj deceniji poslije rata, ona mo\u017ee uspje\u0161no doprinijeti i provo\u0111enju temeljnih dru\u0161tvenih i politi\u010dkih promjena danas&#8221;.<\/p>\n\n\n\n<p>Inzko je dodao i da su se bh. gra\u0111ani &#8220;suprotstavili najgrubljim ispadima njihovih politi\u010dkih predstavnika, ispoljavaju\u0107i u svakodnevnom \u017eivotu pristojnost koja je \u010desto odsutna u politi\u010dkom \u017eivotu&#8221; i da &#8220;ti isti gra\u0111ani, uz \u010dvrstu i dosljednu podr\u0161ku me\u0111unarodnih partnera mogu postaviti zemlju na novi kurs&#8221;.<\/p>\n\n\n\n<p>Visoki predstavnik je rekao da akteri na lokalnom nivou, gra\u0111ani aktivisti i nevladine organizacije imaju energiju i legitimitet da donesu stvarne i pozitivne promjene ukoliko im se pru\u017ei ruka saradnje.\u201d<\/p>\n\n\n\n<p>Prema njegovom mi\u0161ljenju, Evropska unija je nesumnjivo najistaknutiji partner Bosne i Hercegovine kada se radi o pru\u017eanju pomo\u0107i BiH u cilju njenog napredovanja prema nivou prosperiteta i napretka koji vlada u drugim dijelovima evropskog kontinenta, a predstoje\u0107i op\u0107inski izbori mogu potaknuti br\u017ee odvijanje ovog dugoro\u010dnog procesa.<\/p>\n","protected":false},"excerpt":{"rendered":"<p>Dejtonski mirovni sporazum &#8220;nikome ne daje pravo da osporava dr\u017eavu ili njen narod&#8221;, rekao je visoki predstavnik Valentin Inzko danas u\u010desnicima me\u0111unarodne konferencije.Obrativ\u0161i im se na online simpoziju o naslije\u0111u Dejtonskog mirovnog sporazuma u organizaciji Yale univerziteta i njegovog studijskog programa o genocidu te Akademskog ureda Dr\u017eavnog univerziteta ju\u017enog Connecticuta, visoki predstavnik je rekao da [&hellip;]<\/p>\n","protected":false},"author":59,"featured_media":16969,"comment_status":"open","ping_status":"closed","sticky":false,"template":"","format":"standard","meta":{"inline_featured_image":false,"footnotes":""},"categories":[37],"tags":[],"class_list":{"0":"post-16968","1":"post","2":"type-post","3":"status-publish","4":"format-standard","5":"has-post-thumbnail","7":"category-vijesti"},"acf":[],"_links":{"self":[{"href":"https:\/\/tvsensor.com\/api\/wp\/v2\/posts\/16968","targetHints":{"allow":["GET"]}}],"collection":[{"href":"https:\/\/tvsensor.com\/api\/wp\/v2\/posts"}],"about":[{"href":"https:\/\/tvsensor.com\/api\/wp\/v2\/types\/post"}],"author":[{"embeddable":true,"href":"https:\/\/tvsensor.com\/api\/wp\/v2\/users\/59"}],"replies":[{"embeddable":true,"href":"https:\/\/tvsensor.com\/api\/wp\/v2\/comments?post=16968"}],"version-history":[{"count":2,"href":"https:\/\/tvsensor.com\/api\/wp\/v2\/posts\/16968\/revisions"}],"predecessor-version":[{"id":16971,"href":"https:\/\/tvsensor.com\/api\/wp\/v2\/posts\/16968\/revisions\/16971"}],"wp:featuredmedia":[{"embeddable":true,"href":"https:\/\/tvsensor.com\/api\/wp\/v2\/media\/16969"}],"wp:attachment":[{"href":"https:\/\/tvsensor.com\/api\/wp\/v2\/media?parent=16968"}],"wp:term":[{"taxonomy":"category","embeddable":true,"href":"https:\/\/tvsensor.com\/api\/wp\/v2\/categories?post=16968"},{"taxonomy":"post_tag","embeddable":true,"href":"https:\/\/tvsensor.com\/api\/wp\/v2\/tags?post=16968"}],"curies":[{"name":"wp","href":"https:\/\/api.w.org\/{rel}","templated":true}]}}