{"id":1670,"date":"2019-03-11T08:10:05","date_gmt":"2019-03-11T08:10:05","guid":{"rendered":"https:\/\/senzor.ba\/?p=1670"},"modified":"2024-01-15T21:49:36","modified_gmt":"2024-01-15T20:49:36","slug":"mladic-iz-srbije-objavom-o-bih-posramio-balkan-ovo-je-bolna-istina-i-svi-je-trebaju-cuti","status":"publish","type":"post","link":"https:\/\/tvsensor.com\/clanak\/mladic-iz-srbije-objavom-o-bih-posramio-balkan-ovo-je-bolna-istina-i-svi-je-trebaju-cuti\/","title":{"rendered":"Mladi\u0107 iz Srbije objavom o BiH posramio Balkan: Ovo je bolna istina i svi je trebaju \u010duti!"},"content":{"rendered":"\n<p>Stefan Simi\u0107, 29-godi\u0161njak iz Srbije zatresao je regiju sna\u017enom \nemotivnom porukom koju je objavio na svom Facebook profilu koji ima vi\u0161e\n od 50 000 pratilaca.<\/p>\n\n\n\n<p>Njegova poruka se velikom brzinom po\u010dela \u0161iriti dru\u0161tvenim mre\u017eama.<\/p>\n\n\n\n<p>Ina\u010de, Simi\u0107 je ro\u0111en 1989. godine u Para\u0107inu (Srbija). Svoju prvu \nknjigu \u201ePustite nas\u201c objavio je 2012. godine, a knjigu \u201eOdjeci ljudskog\u201c\n 2013. i 2014. (drugo dopunjeno izdanje).<\/p>\n\n\n\n<p>Objavljuje ve\u0107 godinama svoju poeziju i prozu na internetu, kao i \nzapise iz svakodnevnog \u017eivota, impresije. Vremenom je njegov internet \nanga\u017eman prerastao u ne\u0161to mnogo \u0161ire, i sve vi\u0161e dobija na zna\u010daju.<\/p>\n\n\n\n<p>Specifi\u010dnim stilom pisanja i otvorenim na\u010dinom izra\u017eavanja na nastupima privukao je pa\u017enju u Srbiji, i zemljama ex-yu.<\/p>\n\n\n\n<p>Njegovu jedinstvenu pri\u010du o BiH prenosimo u cjelosti.<\/p>\n\n\n\n<p>BOSNA JE SVET<\/p>\n\n\n\n<p>Dr\u017eave \u010desto veli\u010davaju sebe i svoj zna\u010daj, jedino Bosna umanjuje<br>Kao da se stidi svega a treba da se ponosi<br>\u0160ta je sve pro\u0161la i prolazi, druge dr\u017eave bi se raspale, pripale nekom drugom<br>A Bosna \u017eivi za sebe i prkosi<br>Od pamtiveka pa do dana\u0161njih dana<\/p>\n\n\n\n<p>Tri naroda i tri vere, \u010ditav svet u malom<br>Uticaj Turske, Rusije, Amerike\u2026<br>A opet ni Turska, ni Rusija, ni Amerika<\/p>\n\n\n\n<p>Bosna sve ima, samo nema svest o tome da sve ima<br>Kada se to gleda sa strane, deluje i vi\u0161e nego zanimljivo<br>Banja Luka ima svoju pri\u010du, Sarajevo svoju, Trebinje svoju, Mostar svoju<br>Gradovi kao male dr\u017eave, svaka za sebe<br>Da ne pri\u010damo o Tuzli, Zenici, Bile\u0107i, Bijeljini i mnogim drugim<\/p>\n\n\n\n<p>Za njih su to samo gradovi a za nas sa strane, luke istorije<br>U kojima se prelamaju kulture i razli\u010ditosti<br>I sve nam je nekako zanimljivo, egzoti\u010dno<br>Kao da odemo u neki daleki svet koji nam je tu<br>Stotinak kilometara daleko<\/p>\n\n\n\n<p>Bosna je imala i ima svoje heroje<br>Od Mirze, D\u017eamonje, Davorina, Kike Sarajli\u0107a, Keme i ostalih<br>Ima i neke nove kojih jo\u0161 nije ni svesna<\/p>\n\n\n\n<p>Ima \u201ePravdu za Davida\u201c koja je ujedinila \u010ditav region<br>Imala je \u0107utanje Jelene Topi\u0107 u Prijedoru koje je odjeknulo glasnije od najve\u0107e buke<br>Bosna ima 1000 svojih \u010duda<br>A da ne pri\u010damo ko sve vu\u010de odatle korene i poreklo, i neizbe\u017eni naglasak naravno<\/p>\n\n\n\n<p>Bosna je i moderna i tradicionalna<br>Jednom nogom u srednjem veku, drugom u budu\u0107nosti<br>Ali sve je to \u010dini posebnom, druga\u010dijom da je upravo ta razli\u010ditost, kakvih nema<br>\u010cini jedinstvenom<\/p>\n\n\n\n<p>Bosna ima Sarajevski atentat i Gavrila Principa, kao jedan od najva\u017enijih pucnjeva istorije<br>Ima svoje \u010duvene reke \u2013 Neretvu, Bosnu, Sanu, Unu, Vrbas\u2026<br>Ima svoj Igman, Neum, Jahorinu, Bjela\u0161nicu\u2026<br>Ima svoje Olimpijske igre kojima niko u regionu ne mo\u017ee da se pohvali<\/p>\n\n\n\n<p>Bosnom su izgleda svi zadovoljni, osim onih koji tamo \u017eive<br>A mi koji dolazimo, i u koji god deo zemlje da svratimo<br>Nosimo najlep\u0161e uspomene<\/p>\n\n\n\n<p>Da ne pri\u010dam o gostoprimstvu i pa\u017enji<br>Da ne pri\u010dam o \u017eivopisnim krajevima, od mora sa jedne strane do \u0161uma i planina sa druge<br>I netaknutih prirodnih predela kao u raju<\/p>\n\n\n\n<p>Bosna ima du\u0161u<br>I pre\u017eivela je ne\u0161to \u0161to nijedna dr\u017eava nije u evropi poslednjih decenija<br>Rat i podele kakve se ne pamte<\/p>\n\n\n\n<p>Na kraju je sve to stvorilo jedan poseban ton<br>Iako deo Bosne sanja Hrvatsku, drugi sanja Srbiju<br>Ima i onih kojima je lepa i takva kakva jeste<br>I ne bi da pripadaju drugima<br>Nego bi da pripadaju sebi<\/p>\n\n\n\n<p>Bosna jeste svet, koliko god da je ljudima te\u0161ko to da priznaju<br>I mo\u017eda nije najbolji standard<br>Ali mnogo \u0161ta je najbolje ili bar druga\u010dije nego na drugim mestima<\/p>\n\n\n\n<p>I ko tamo \u010desto odlazi ili se vra\u0107a<br>Posebno leti<br>Savr\u0161eno zna o \u010demu pri\u010dam<\/p>\n","protected":false},"excerpt":{"rendered":"<p>Stefan Simi\u0107, 29-godi\u0161njak iz Srbije zatresao je regiju sna\u017enom emotivnom porukom koju je objavio na svom Facebook profilu koji ima vi\u0161e od 50 000 pratilaca. Njegova poruka se velikom brzinom po\u010dela \u0161iriti dru\u0161tvenim mre\u017eama. Ina\u010de, Simi\u0107 je ro\u0111en 1989. godine u Para\u0107inu (Srbija). Svoju prvu knjigu \u201ePustite nas\u201c objavio je 2012. godine, a knjigu \u201eOdjeci [&hellip;]<\/p>\n","protected":false},"author":59,"featured_media":1671,"comment_status":"open","ping_status":"closed","sticky":false,"template":"","format":"standard","meta":{"inline_featured_image":false,"footnotes":""},"categories":[67,65],"tags":[],"class_list":{"0":"post-1670","1":"post","2":"type-post","3":"status-publish","4":"format-standard","5":"has-post-thumbnail","7":"category-blog","8":"category-vise"},"acf":[],"_links":{"self":[{"href":"https:\/\/tvsensor.com\/api\/wp\/v2\/posts\/1670","targetHints":{"allow":["GET"]}}],"collection":[{"href":"https:\/\/tvsensor.com\/api\/wp\/v2\/posts"}],"about":[{"href":"https:\/\/tvsensor.com\/api\/wp\/v2\/types\/post"}],"author":[{"embeddable":true,"href":"https:\/\/tvsensor.com\/api\/wp\/v2\/users\/59"}],"replies":[{"embeddable":true,"href":"https:\/\/tvsensor.com\/api\/wp\/v2\/comments?post=1670"}],"version-history":[{"count":1,"href":"https:\/\/tvsensor.com\/api\/wp\/v2\/posts\/1670\/revisions"}],"predecessor-version":[{"id":1672,"href":"https:\/\/tvsensor.com\/api\/wp\/v2\/posts\/1670\/revisions\/1672"}],"wp:featuredmedia":[{"embeddable":true,"href":"https:\/\/tvsensor.com\/api\/wp\/v2\/media\/1671"}],"wp:attachment":[{"href":"https:\/\/tvsensor.com\/api\/wp\/v2\/media?parent=1670"}],"wp:term":[{"taxonomy":"category","embeddable":true,"href":"https:\/\/tvsensor.com\/api\/wp\/v2\/categories?post=1670"},{"taxonomy":"post_tag","embeddable":true,"href":"https:\/\/tvsensor.com\/api\/wp\/v2\/tags?post=1670"}],"curies":[{"name":"wp","href":"https:\/\/api.w.org\/{rel}","templated":true}]}}