{"id":1664,"date":"2019-03-10T19:47:46","date_gmt":"2019-03-10T19:47:46","guid":{"rendered":"https:\/\/senzor.ba\/?p=1664"},"modified":"2024-01-15T21:49:36","modified_gmt":"2024-01-15T20:49:36","slug":"bosnjaci-povratnici-o-okupljanju-u-visegradu-sve-podsjeca-na-1992","status":"publish","type":"post","link":"https:\/\/tvsensor.com\/clanak\/bosnjaci-povratnici-o-okupljanju-u-visegradu-sve-podsjeca-na-1992\/","title":{"rendered":"Bo\u0161njaci povratnici o okupljanju u Vi\u0161egradu: Sve podsje\u0107a na 1992."},"content":{"rendered":"\n<p>Pripadnici Ravnogorskog \u010detni\u010dkog pokreta u Vi\u0161egradu su obilje\u017eili godi\u0161njicu hap\u0161enja svog vo\u0111e iz Drugog svjetskog rata.<\/p>\n\n\n\n<figure class=\"wp-block-embed-youtube wp-block-embed is-type-video is-provider-youtube wp-embed-aspect-16-9 wp-has-aspect-ratio\"><div class=\"wp-block-embed__wrapper\">\n<iframe loading=\"lazy\" title=\"Bo\u0161njaci povratnici o okupljanju u Vi\u0161egradu: Sve podsje\u0107a na 1992.\" width=\"696\" height=\"392\" src=\"https:\/\/www.youtube.com\/embed\/VH3CuMKa3j8?feature=oembed&#038;enablejsapi=1\" frameborder=\"0\" allow=\"accelerometer; autoplay; clipboard-write; encrypted-media; gyroscope; picture-in-picture\" allowfullscreen><\/iframe>\n<\/div><\/figure>\n","protected":false},"excerpt":{"rendered":"<p>Pripadnici Ravnogorskog \u010detni\u010dkog pokreta u Vi\u0161egradu su obilje\u017eili godi\u0161njicu hap\u0161enja svog vo\u0111e iz Drugog svjetskog rata.<\/p>\n","protected":false},"author":59,"featured_media":1665,"comment_status":"open","ping_status":"closed","sticky":false,"template":"","format":"standard","meta":{"inline_featured_image":false,"footnotes":""},"categories":[37,38],"tags":[],"class_list":{"0":"post-1664","1":"post","2":"type-post","3":"status-publish","4":"format-standard","5":"has-post-thumbnail","7":"category-vijesti","8":"category-vijesti-iz-bih"},"acf":[],"_links":{"self":[{"href":"https:\/\/tvsensor.com\/api\/wp\/v2\/posts\/1664","targetHints":{"allow":["GET"]}}],"collection":[{"href":"https:\/\/tvsensor.com\/api\/wp\/v2\/posts"}],"about":[{"href":"https:\/\/tvsensor.com\/api\/wp\/v2\/types\/post"}],"author":[{"embeddable":true,"href":"https:\/\/tvsensor.com\/api\/wp\/v2\/users\/59"}],"replies":[{"embeddable":true,"href":"https:\/\/tvsensor.com\/api\/wp\/v2\/comments?post=1664"}],"version-history":[{"count":1,"href":"https:\/\/tvsensor.com\/api\/wp\/v2\/posts\/1664\/revisions"}],"predecessor-version":[{"id":1666,"href":"https:\/\/tvsensor.com\/api\/wp\/v2\/posts\/1664\/revisions\/1666"}],"wp:featuredmedia":[{"embeddable":true,"href":"https:\/\/tvsensor.com\/api\/wp\/v2\/media\/1665"}],"wp:attachment":[{"href":"https:\/\/tvsensor.com\/api\/wp\/v2\/media?parent=1664"}],"wp:term":[{"taxonomy":"category","embeddable":true,"href":"https:\/\/tvsensor.com\/api\/wp\/v2\/categories?post=1664"},{"taxonomy":"post_tag","embeddable":true,"href":"https:\/\/tvsensor.com\/api\/wp\/v2\/tags?post=1664"}],"curies":[{"name":"wp","href":"https:\/\/api.w.org\/{rel}","templated":true}]}}