{"id":1644,"date":"2019-03-10T10:09:48","date_gmt":"2019-03-10T10:09:48","guid":{"rendered":"https:\/\/senzor.ba\/?p=1644"},"modified":"2024-01-15T21:49:37","modified_gmt":"2024-01-15T20:49:37","slug":"ovo-je-prica-o-omaru-slijepom-trkacu","status":"publish","type":"post","link":"https:\/\/tvsensor.com\/clanak\/ovo-je-prica-o-omaru-slijepom-trkacu\/","title":{"rendered":"Ovo je pri\u010da o Omaru, slijepom trka\u010du!"},"content":{"rendered":"\n<p> Nekada je na turnirima brazilske jiu jitsue  progla\u0161avan  najinspirativnijim borcem. Ovo je pri\u010da o Omaru Boji\u010di\u0107u,  devetnaestogodi\u0161njaku koji je u \u010detvrtoj godini \u017eivota bolovao  pljuskavice, obi\u010dnu, blagu dje\u010diju bolest. Ipak, ona je na njega  ostavila trajne posljedice. Vremenom je po\u010deo da gubi vid, da bi u 12  godini \u017eivota potpuno oslijepio. <\/p>\n\n\n\n<p> Danas, iako li\u0161en vida, nastavlja da se bori i zbog svog \u017eivotnog stava i  rezultata na sportskim borili\u0161tima predstavlja dobar primjer svima oko  sebe. Zaljubljenik je u razli\u010dite vrste sportova.<br><br> Aktivno se bavi goalballom, brazilskom jiu jitsuom, a u posljednjih nekoliko mjeseci i atletikom.<br><br> \u010clan je Atletskog kluba ,,Novi Grad\u201d, a trenira ga Elmir \u0106erimagi\u0107.  Trenutno se priprema za naredna takmi\u010denja, a cilj mu je plasman na  paraolimpijadu u Tokiju 2020. godine.<br><br> Njegovu pri\u010du mo\u017eete pogledati u video prilogu <a href=\"http:\/\/www.source.ba\/clanak\/Admir\/489985\/Ovo-je-prica-o-Omaru-slijepom-trkacu\">OVDJE<\/a>. <\/p>\n\n\n\n<p>source.ba<\/p>\n","protected":false},"excerpt":{"rendered":"<p>Nekada je na turnirima brazilske jiu jitsue progla\u0161avan najinspirativnijim borcem. Ovo je pri\u010da o Omaru Boji\u010di\u0107u, devetnaestogodi\u0161njaku koji je u \u010detvrtoj godini \u017eivota bolovao pljuskavice, obi\u010dnu, blagu dje\u010diju bolest. Ipak, ona je na njega ostavila trajne posljedice. Vremenom je po\u010deo da gubi vid, da bi u 12 godini \u017eivota potpuno oslijepio. Danas, iako li\u0161en vida, [&hellip;]<\/p>\n","protected":false},"author":59,"featured_media":1645,"comment_status":"open","ping_status":"closed","sticky":false,"template":"","format":"standard","meta":{"inline_featured_image":false,"footnotes":""},"categories":[69,65],"tags":[],"class_list":{"0":"post-1644","1":"post","2":"type-post","3":"status-publish","4":"format-standard","5":"has-post-thumbnail","7":"category-ponos-bih","8":"category-vise"},"acf":[],"_links":{"self":[{"href":"https:\/\/tvsensor.com\/api\/wp\/v2\/posts\/1644","targetHints":{"allow":["GET"]}}],"collection":[{"href":"https:\/\/tvsensor.com\/api\/wp\/v2\/posts"}],"about":[{"href":"https:\/\/tvsensor.com\/api\/wp\/v2\/types\/post"}],"author":[{"embeddable":true,"href":"https:\/\/tvsensor.com\/api\/wp\/v2\/users\/59"}],"replies":[{"embeddable":true,"href":"https:\/\/tvsensor.com\/api\/wp\/v2\/comments?post=1644"}],"version-history":[{"count":1,"href":"https:\/\/tvsensor.com\/api\/wp\/v2\/posts\/1644\/revisions"}],"predecessor-version":[{"id":1646,"href":"https:\/\/tvsensor.com\/api\/wp\/v2\/posts\/1644\/revisions\/1646"}],"wp:featuredmedia":[{"embeddable":true,"href":"https:\/\/tvsensor.com\/api\/wp\/v2\/media\/1645"}],"wp:attachment":[{"href":"https:\/\/tvsensor.com\/api\/wp\/v2\/media?parent=1644"}],"wp:term":[{"taxonomy":"category","embeddable":true,"href":"https:\/\/tvsensor.com\/api\/wp\/v2\/categories?post=1644"},{"taxonomy":"post_tag","embeddable":true,"href":"https:\/\/tvsensor.com\/api\/wp\/v2\/tags?post=1644"}],"curies":[{"name":"wp","href":"https:\/\/api.w.org\/{rel}","templated":true}]}}