{"id":16409,"date":"2020-10-01T10:11:31","date_gmt":"2020-10-01T09:11:31","guid":{"rendered":"https:\/\/senzor.ba\/?p=16409"},"modified":"2024-01-15T21:43:32","modified_gmt":"2024-01-15T20:43:32","slug":"vecina-kao-manjina","status":"publish","type":"post","link":"https:\/\/tvsensor.com\/clanak\/vecina-kao-manjina\/","title":{"rendered":"Ve\u0107ina kao manjina"},"content":{"rendered":"<p>Pi\u0161e: sci. Rifat Red\u017eovi\u0107<\/p>\n<p>Poja\u010danono, sinhronizirano, otvoreno i grubo kidisanje na suverenitet i integritet Bosne i Hercegovine u posljednje vrijeme name\u0107e pitanje zbog \u010dega se to de\u0161ava i zbog \u010dega se svakodnevno ta hajka sprovodi? Je li hiljadu puta ponovljena la\u017e istisnula realnost i istinu koja se odnosi na suverenost Bosne i Hercegovine i nemogu\u0107nost da se bilo kakav teritorijalni gubitak, ni na koji na\u010din, ne mo\u017ee ostvariti bez ve\u0107 vi\u0111enog na\u010dina devedesetih godina? Kontinuirani nasrtaji na dr\u017eavu u kojoj se desio genocid nad narodom koji do\u017eivljava Bosnu i Hercegovinu svojom dr\u017eavom, narodom koji uistinu jeste \u010duvar bosanskohercegova\u010dke historije, kulture i tradicije, narodom koji dijeli najplemenitije evropske vrijednosti jeste fenomen koji \u0107e se prou\u010davati dugo godina iz razloga \u0161to su taj narod i ta dr\u017eava ostavljeni na cjedilu da sami prkose naletima anticiviliziraju\u0107eg i barbarskog nasrtaja na sve ono \u0161to se ozna\u010dava progresivnim, pravednim, humanim i univerzalnim idejama ljudskoga roda. Da stvar bude paradoksalnija primje\u0107ujemo da agresorske formacije tu svoju agresivnost crpe, pored svoje \u0161ovinisti\u010dke ideologije,\u00a0 i iz dokumenta koji bi trebao biti najvi\u0161i zakonodavni akt u Bosni i Hercegovini, iz Ustava Bosne i Hercegovine koji su osmislili svjetski pravni eksperti u Dejtonu i koji trenutno ide \u201ena ruku\u201c separatisti\u010dkim elementima u dr\u017eavi. Zahvaljuju\u0107i tom i takvom ustavu, Bosnu i Hercegovinu poku\u0161avaju razbiti isti oni koji je nisu mogli razbiti ratnim dejstvima a sada je poku\u0161avaju uru\u0161iti raznim manipulacijama, spekulacijama, prljavim igrama i igrama bez granica, misle\u0107i da se \u010duvari Bosne i Hercegovine ne mogu dobro sna\u0107i\u00a0 u mirnodopskim uvjetima. Oholost agresorskih politika stimulira se i u pasivnosti me\u0111unarodne zajednice i njenog Visokog predstavnika koji ne koristi bonske ovlasti i ne sankcionira aktere i agitatore mr\u017enje i secesionizma. Toliko je antidr\u017eavni diskurs u redovima bosanskih Srba i Hrvata zavladao da im je sve te\u017ee ukazati na zablude u koje su ih dovele \u0161ovinisti\u010dke politike iz Beograda i Zagreba, da se Bosna i Hercegovina ne mo\u017ee dijeliti ali da se Ustav Bosne i Hercegovine mo\u017ee promijeniti i da \u0107e na tom pitanju bosanskohercegova\u010dka patriotska ve\u0107ina\u00a0 insistirati. Navodno nezadovoljstvo ve\u0107ine pripadnika dva konstitutivna naroda u Bosni i Hercegovini smatra da se na osnovu ovako neefikasnog ustava mo\u017ee i\u017eivljavati nad ve\u0107inom stanovnika Bosne i Hercegovine koja vjeruje u historijske \u010dinjenice, u demokratske principe, u objektivno sagledavanje stvari koje navodi na ishod da se Bosna i Hercegovina treba i mo\u017ee ustrojiti kao gra\u0111anska dr\u017eava.<\/p>\n<p>Bosni i Hercegovini je potreban ustav koji ne pru\u017ea mogu\u0107nost razli\u010ditog tuma\u010denja, ve\u0107 ustav koji jasno definira stvari i nala\u017ee da se prema njemu svi moraju ophoditi kao integrativnom dokumentu. \u00a0Ako se gospodi secesionistima iz Bosne i Hercegovine i njihovim mentorima iz Beograda i Zagreba ne svi\u0111a ustavno rje\u0161enje koje je trenutno na snazi, evo, ne svi\u0111a se ni nama koji \u010dinimo ogromnu ve\u0107inu u dr\u017eavi. Hajde da mijenjamo ustav, \u00a0hajde da se po ugledu na ustave Republike Srbije i Republike Hrvatske isti takav ustav prihvati i u Bosni i Hercegovini koji bi je odredio kao dr\u017eavu jednog naroda i ostalih naroda koji u njoj \u017eive i koji bi imali prava nacionalnih manjina. Demokratija ne bi bila demokratija ako u opticaju nema vi\u0161e prijedloga, ideja, rje\u0161enja! Znaju\u0107i da je dejtonski ustav prolazan, znaju\u0107i da je nakaradan, probosanske snage koje \u010dine najmanje dvije tre\u0107ine stanovni\u0161tva ovaj teror manjine ne \u017eeli vi\u0161e tolerirati i uskoro \u0107e zatra\u017eiti novu i pravedniju ustavnu kreaciju. Ta\u010dno je i to da je dejtonski sporazum mogao biti i lo\u0161iji &#8230; mogao je, ali ne puno lo\u0161iji. Jedino lo\u0161ije politi\u010dko ure\u0111enje jedne evropske zemlje s hiljadugodi\u0161njom politi\u010dko-pravnom tradicijom moglo se ustavotvoriti nekakvim <strong>neoaparthejdskim<\/strong> ustavom koji bi legitimirao vladavinu manjine nad ve\u0107inom \u0161to sada imamo slu\u010daj u Bosni i Hercegovini. Ta tiranija manjine nad ve\u0107inom je neosporna \u010dinjenica i niko pred njom ne mo\u017ee i ne smije zatvarati o\u010di tra\u017ee\u0107i nekakva trivijalna obja\u0161njenja koja se, navodno, zasnivaju na nekakvoj \u201ebosanskoj specifi\u010dnosti\u201c koja daje za pravo da manjina uslovljava. Naravno da svaka dr\u017eava ima svoje specifi\u010dnosti i da se vodi ra\u010duna o onim bitnim specifi\u010dnostima, a ne nekakvim nebitnim koje se potenciraju i koje imaju sekundaran zna\u010daj. \u010cesto se protivnici Bosne i Hercegovine u njenom poku\u0161aju negiranja upravo vezuju za nekakve nebitne stvari koje isti\u010du kao najbitnije. Najbitnija bosanska specifi\u010dnost se odnosi, i to se nikako ne smije zanemarivati, na neraskidivu vezu Bosne i Bo\u0161njaka kao odnosu potpune uslovljenosti. U ovom tekstu tvrdimo da se u Bosni i Hercegovini ne po\u0161tuju demokratska prava i da Bosna i Hercegovina nije demokratska dr\u017eava<em>.<\/em> Ni jedan argument u politi\u010dko-pravnoj praksi ne mo\u017ee nadvladati osnovni demokratski princip &#8211; princip ve\u0107ine na kojem se zasniva demokratija. Svi ostali oblici politi\u010dkog ure\u0111enja koji se ne zasnivaju na ovome principu nisu i nikako ne mogu biti demokratska i slobodna dru\u0161tva. Agresorske ideologije na\u0161ih susjeda misle zaobi\u0107i princip ve\u0107ine u Bosni i Hercegovini, a koji vlada i kod njih i u naprednim demokratijama, kao nekakvu sitnicu koja nije bitna i da\u00a0 ga mogu beskrajno zaobilaziti. Autori dejtonskog ustava, jednostavno, ne znamo iz kojih razloga, nisu htjeli ustavotvoriti Republiku Bosnu i Hercegovinu kao demokratsku dr\u017eavu na principima koji su jasni i nedvosmisleni i na osnovu kojih se dr\u017eava odre\u0111uje kao suveren unutar svojih granica. Odrediti Bosnu i Hercegovinu kao dr\u017eavu konstitutivnih naroda a ne njenih gra\u0111ana je nevi\u0111eni presedan u situaciji kada su dva \u201ekonstitutivna\u201c naroda u Bosni i Hercegovini ratovala protiv sopstvene dr\u017eave koju je branio tre\u0107i konstitutivni narod. Dati nekome epitet konstituensa u jednoj dr\u017eavi jeste priznanje i garant da \u0107e se na ple\u0107ima tog konstituensa dr\u017eava u svakome trenutku mo\u0107i da osloni i to je logi\u010dno stanovi\u0161te. Me\u0111utim, imati situaciju koja konstitutivnost poistovje\u0107uje s diskonstituivno\u0161\u0107u jeste nevi\u0111en presedan koji ne mo\u017ee niti jedna racionalna i zdravorazumska \u0161kola mi\u0161ljenja komentirati. Ovi, po Dejtonu, \u201ekonstitutivni elementi\u201c misle da je prioritetan zadatak konstituivnosti razvaliti ne\u0161to. Djelovanje konstituenasa kao antikonstituenasa je potpuna nelogi\u010dnost za sav normalan svijet i jedino je prihvatljiva agresorima na Bosnu i Hercegovinu, fa\u0161istima i genocida\u0161ima koji bi i dalje da porobljavaju. Ve\u0107ina Srba i Hrvata u Bosni i Hercegovini potpomognuta radikalizmom iz Srbije i Hrvatske djeluju diskonstitutivno u konstitutivnosti tako da se ukazuje nedvosmislena potreba kreiranja novog ustava koji bi \u201ejednostavnije\u201c objasnio \u0161ta zna\u010di konstitutivna dr\u017eava koja se zasniva na logi\u010dnim i patriotskim principima.<\/p>\n<p>Bosni i Hercegovini treba ustav koji bi je uredio ili kao nacionalnu ili kao gra\u0111ansku dr\u017eavu. Obzirom da su Bo\u0161njaci ve\u0107inski narod u Bosni i Hercegovini i da ih trenutno ima blizu 60% s tendencijom rasta tog procenta i da se u njihovom dr\u017eavotvorno-historijskom <em>ethosu <\/em>nalazi Bosna, prirodno je da se Bosna i Hercegovina ustavno ustroji kao nacionalna dr\u017eava Bo\u0161njaka i ostalih naroda koji u njoj \u017eive. I pored tog neospornog demokratskog prava, prava ve\u0107ine, koje pripada probosanskoj struji, secesionisti hrle u nebulozne avanture opijeni agresorskim narativima o navodno \u201eni\u010dijoj zemlji\u201c koju treba uni\u0161titi. Svjesni svoje uloge i \u201eve\u0107inskog vlasni\u0161tva\u201c u Bosni i Hercegovini koju su stolje\u0107ima \u010duvali i sa\u010duvali, Bo\u0161njaci u Bosni i Hercegovini, za razliku od ve\u0107inskih naroda u Srbiji i Hrvatskoj, nude rje\u0161enje Bosne i Hercegovine kao gra\u0111anske gr\u017eave.<\/p>\n","protected":false},"excerpt":{"rendered":"<p>Pi\u0161e: sci. Rifat Red\u017eovi\u0107 Poja\u010danono, sinhronizirano, otvoreno i grubo kidisanje na suverenitet i integritet Bosne i Hercegovine u posljednje vrijeme name\u0107e pitanje zbog \u010dega se to de\u0161ava i zbog \u010dega se svakodnevno ta hajka sprovodi? Je li hiljadu puta ponovljena la\u017e istisnula realnost i istinu koja se odnosi na suverenost Bosne i Hercegovine i nemogu\u0107nost [&hellip;]<\/p>\n","protected":false},"author":59,"featured_media":16411,"comment_status":"open","ping_status":"closed","sticky":false,"template":"","format":"standard","meta":{"inline_featured_image":false,"footnotes":""},"categories":[76],"tags":[],"class_list":{"0":"post-16409","1":"post","2":"type-post","3":"status-publish","4":"format-standard","5":"has-post-thumbnail","7":"category-kolumne"},"acf":[],"_links":{"self":[{"href":"https:\/\/tvsensor.com\/api\/wp\/v2\/posts\/16409","targetHints":{"allow":["GET"]}}],"collection":[{"href":"https:\/\/tvsensor.com\/api\/wp\/v2\/posts"}],"about":[{"href":"https:\/\/tvsensor.com\/api\/wp\/v2\/types\/post"}],"author":[{"embeddable":true,"href":"https:\/\/tvsensor.com\/api\/wp\/v2\/users\/59"}],"replies":[{"embeddable":true,"href":"https:\/\/tvsensor.com\/api\/wp\/v2\/comments?post=16409"}],"version-history":[{"count":1,"href":"https:\/\/tvsensor.com\/api\/wp\/v2\/posts\/16409\/revisions"}],"predecessor-version":[{"id":16413,"href":"https:\/\/tvsensor.com\/api\/wp\/v2\/posts\/16409\/revisions\/16413"}],"wp:featuredmedia":[{"embeddable":true,"href":"https:\/\/tvsensor.com\/api\/wp\/v2\/media\/16411"}],"wp:attachment":[{"href":"https:\/\/tvsensor.com\/api\/wp\/v2\/media?parent=16409"}],"wp:term":[{"taxonomy":"category","embeddable":true,"href":"https:\/\/tvsensor.com\/api\/wp\/v2\/categories?post=16409"},{"taxonomy":"post_tag","embeddable":true,"href":"https:\/\/tvsensor.com\/api\/wp\/v2\/tags?post=16409"}],"curies":[{"name":"wp","href":"https:\/\/api.w.org\/{rel}","templated":true}]}}