{"id":16374,"date":"2020-07-01T08:04:39","date_gmt":"2020-07-01T07:04:39","guid":{"rendered":"https:\/\/senzor.ba\/?p=16374"},"modified":"2024-01-15T21:43:32","modified_gmt":"2024-01-15T20:43:32","slug":"matica-bosnjaka-sandzaka-hitan-apel-svim-bosnjacima-svijeta","status":"publish","type":"post","link":"https:\/\/tvsensor.com\/clanak\/matica-bosnjaka-sandzaka-hitan-apel-svim-bosnjacima-svijeta\/","title":{"rendered":"MATICA BO\u0160NJAKA SAND\u017dAKA: HITAN APEL SVIM BO\u0160NJACIMA SVIJETA!"},"content":{"rendered":"<p>Draga bra\u0107o i sestre,<\/p>\n<p>Svjedoci ste \u0161ta se posljednjih nedjelju dana de\u0161ava u na\u0161em Sand\u017eaku, koji je postao evropski epicentar koronavirusa i ljudske tragedije. Iz sahata u sahat, primamo najgore vijesti o zdravstvenom stanju na\u0161ih porodica, na\u0161ih prijatelja i svih onih sa kojima dijelimo neizvjesnost sudbine u najte\u017eim trenucima po na\u0161 narod u ovom stolje\u0107u.<\/p>\n<p>Usljed vi\u0161edecenijske zapostavljenosti, politizacije zdravstva i ma\u0107ehinskog odnosa prema Bo\u0161njacima Sand\u017eaka od strane svih vlastodr\u017eaca, na\u0161 zdravstveni sistem do\u017eivio je potpuni kolaps. Na\u0161e bolnice su kadrovski desetkovane, kapaciteti prepunjeni i ljudi nam umiru u neadekvatnim uvjetima od koronavirusa, \u0161to ste bili u prilici da vidite i \u0161to je ovih dana i cijeli svijet vidio.<\/p>\n<p>\u017delimo ista\u0107i i to da je svu sand\u017ea\u010dku katastrofu nastojao da prikrije jedan broj rukovodilaca sand\u017ea\u010dkog zdravstvenog sistema koji dolaze iz politi\u010dkog podzemlja, \u010dijih fotelja, mjesta i plata su taoci svi Bo\u0161njaci, bez obzira na politi\u010dke ili ideolo\u0161ke sli\u010dnosti ili razli\u010ditosti. U tom kontekstu, silovita i ekspanzivna borba altruista i vrijednih pojedinaca, uspijela je da probije jake medijske blokade u Srbiji i da svje\u017eim dokazima sa lica mjesta demantira, kako sramnu sliku i sadr\u017eaje koje su objavljivali najutjecajniji srbijanski populisti\u010dki mediji, tako i poruke zvani\u010dnika na\u0161eg zdravstvenog sistema, koji su stvorili zajedni\u010dki pakt protiv istine i \u017eivota unesre\u0107enih ljudi.<\/p>\n<p>Napominjemo da je dokaza i materijala o sand\u017ea\u010dkoj agoniji i tragediji kroz koju prolazi puno, i da su mnogi transparentni mediji i ljudi iz struke alarmirali srbijansku javnost o tome, na \u010demu mo\u017eemo zahvaliti i mnogim hrabrim sand\u017ea\u010dkim novinarima. Me\u0111utim, na sve to \u0161to je javnost vidjela, zvani\u010dna vlast se nije o\u010ditovala, organizirane su odre\u0111ene posjete i parade visokih zvani\u010dnika srbijanskih vlasti, bez ikakvih koraka u pomo\u0107i pri prevazila\u017eenju problema, dok su srbijanski mediji, zabrinute, prepadnute i one gra\u0111ane koji su izgubili, ili gube svoje najmilije, prozvali neprijateljima dr\u017eave i \u201cnarkodilerima\u201d i \u201cseparatistima\u201c, te politizovali stanje u kojem se Bo\u0161njaci nalaze, kako bi se obra\u010dunavali sa neistomi\u0161ljenicima u opoziciji na nivou dr\u017eave.<\/p>\n<p>Najsvje\u017eije nas je zabrinula i dana\u0161nja izjava predsjedavaju\u0107eg Vije\u0107a ministara BIH, Zorana Tageltije, da je<strong> Srbija ODBILA<\/strong> zahtjev da se hitno upute ekipe ljekara i medicinske pomo\u0107i iz Sarajeva i Tuzle, \u0161to je potvrdio i predsjednik Me\u0161ihata islamske zajednice u Srbiji, muftija dr. Mevlud ef. Dudi\u0107, koji je preko Rijaseta islamske zajednice u BIH, zatra\u017eio pomo\u0107 prethodnih dana, a isti apel je od strane i drugih \u010delnika upu\u0107en \u010dlanu predsjedni\u0161tva g. \u0160efiku D\u017eaferovi\u0107u i gradona\u010delniku Sarajeva, g. Abdulahu Skaki. Dobili smo i vijest da je ometan ulazak u Srbiju i nekolicini turskih ljekara prethodnog dana. Prema ukratko iznesenom, a za ostalo se i sami mo\u017eete uvjeriti, mo\u017eda i nije te\u0161ko na\u0107i obja\u0161njenje o kakvom se koordiniranom in\u017eenjeringu radi.<\/p>\n<p>U strahu za \u017eivote svojih najmilijih, svojih sunarodnika i svih ljudi, ali i za svoje \u017eivote, upu\u0107ujemo hitan apel svim Bo\u0161njacima svijeta, pogotovu najutjecajnijim i \u010diji glas mo\u017ee najdalje doprijeti, da pomognu svom Sand\u017eaku dok ne bude prekasno. Molimo vas da obavjestite svjetsku javnost, zna\u010dajne dr\u017eavnike, politi\u010dke aktere, institucije i organizacije od globalnog zna\u010daja i proslijedite im informacije o onome \u0161to se de\u0161ava Bo\u0161njacima u Sand\u017eaku. <strong>Bo\u0161nja\u010dki narod trenutno prolazi najve\u0107u agoniju i tragediju poslije Srebrenice i potrebna je jedinstvena akcija koja \u0107e sprije\u010diti da nam se dese hiljade mrtvih. <\/strong>Potrebno je hitno internacionalizirati ovo pitanje i ova poruka je u tonu vapaja za tim.<\/p>\n<p>Molimo sve Bo\u0161njake svijeta, pogotovu one od utjecaja i dostupnosti, da hitno internacionaliziraju ovo pitanje i do\u0111u do najutjecajnih ljudi, centara mo\u0107i, institucija i organizacija iz svijeta i da se na taj na\u010din pomogne Bo\u0161njacima Sand\u017eaka koji umiru u najgorim mukama, napu\u0161teni, prepu\u0161teni i kao statisti\u010dka gre\u0161ka svoje nesretne povijesti.<\/p>\n","protected":false},"excerpt":{"rendered":"<p>Draga bra\u0107o i sestre, Svjedoci ste \u0161ta se posljednjih nedjelju dana de\u0161ava u na\u0161em Sand\u017eaku, koji je postao evropski epicentar koronavirusa i ljudske tragedije. Iz sahata u sahat, primamo najgore vijesti o zdravstvenom stanju na\u0161ih porodica, na\u0161ih prijatelja i svih onih sa kojima dijelimo neizvjesnost sudbine u najte\u017eim trenucima po na\u0161 narod u ovom stolje\u0107u. [&hellip;]<\/p>\n","protected":false},"author":59,"featured_media":16377,"comment_status":"open","ping_status":"closed","sticky":false,"template":"","format":"standard","meta":{"inline_featured_image":false,"footnotes":""},"categories":[284],"tags":[],"class_list":{"0":"post-16374","1":"post","2":"type-post","3":"status-publish","4":"format-standard","5":"has-post-thumbnail","7":"category-izdvojeno"},"acf":[],"_links":{"self":[{"href":"https:\/\/tvsensor.com\/api\/wp\/v2\/posts\/16374","targetHints":{"allow":["GET"]}}],"collection":[{"href":"https:\/\/tvsensor.com\/api\/wp\/v2\/posts"}],"about":[{"href":"https:\/\/tvsensor.com\/api\/wp\/v2\/types\/post"}],"author":[{"embeddable":true,"href":"https:\/\/tvsensor.com\/api\/wp\/v2\/users\/59"}],"replies":[{"embeddable":true,"href":"https:\/\/tvsensor.com\/api\/wp\/v2\/comments?post=16374"}],"version-history":[{"count":1,"href":"https:\/\/tvsensor.com\/api\/wp\/v2\/posts\/16374\/revisions"}],"predecessor-version":[{"id":16376,"href":"https:\/\/tvsensor.com\/api\/wp\/v2\/posts\/16374\/revisions\/16376"}],"wp:featuredmedia":[{"embeddable":true,"href":"https:\/\/tvsensor.com\/api\/wp\/v2\/media\/16377"}],"wp:attachment":[{"href":"https:\/\/tvsensor.com\/api\/wp\/v2\/media?parent=16374"}],"wp:term":[{"taxonomy":"category","embeddable":true,"href":"https:\/\/tvsensor.com\/api\/wp\/v2\/categories?post=16374"},{"taxonomy":"post_tag","embeddable":true,"href":"https:\/\/tvsensor.com\/api\/wp\/v2\/tags?post=16374"}],"curies":[{"name":"wp","href":"https:\/\/api.w.org\/{rel}","templated":true}]}}