{"id":16176,"date":"2020-03-26T18:37:58","date_gmt":"2020-03-26T17:37:58","guid":{"rendered":"https:\/\/senzor.ba\/?p=16176"},"modified":"2024-01-15T21:43:38","modified_gmt":"2024-01-15T20:43:38","slug":"nevidljivi-terorista","status":"publish","type":"post","link":"https:\/\/tvsensor.com\/clanak\/nevidljivi-terorista\/","title":{"rendered":"NEVIDLJIVI TERORISTA"},"content":{"rendered":"<p>Ova starija generacija, koja je sad &#8220;rizi\u010dna grupa&#8221; od zaraze koronom ili je na pragu da bude, sigurno se sje\u0107a protesta &#8220;antiglobalista&#8221;, koji su se uglavnom de\u0161avali tamo gdje su zajedale vlade najrazvijenijih zemalja svijeta i me\u0111unarodne financijske institucije.<\/p>\n<p>Nama iz ostatka svijeta nije bilo jasno za\u0161to studenti u Frankfurtu rizikuju \u017eivot da protestuju protiv bratije koja je \u017eeljela od svijeta napraviti ovo \u0161to je napravila danas, kad oni imaju sve uslove za studiranje, siguran posao&#8230; Govorili smo da su se &#8220;pohasili&#8221; od svega \u0161to imaju, pa iza\u0111u pred onoliku vojsku i policiju koja ih razgoni vodenim topovima kako bi skrenuli pa\u017enju na \u017eelju mo\u0107nika da imaju nad nama potpunu kontrolu.<\/p>\n<p>Ko do sad nije znao \u0161ta je &#8220;globalizacija&#8221;, sad bi mu ve\u0107 trebalo biti jasno. Od tad do danas su vr\u0161ene mnoge probe pred ovu dana\u0161nju predstavu s korona virusom u kojem smo samo statisti i to oni koji ne mogu re\u0107i, ne \u017eelim biti statist i iza\u0107i sa predstave!<\/p>\n<p>Odmah da ka\u017eem, ne \u017eelim sebi navu\u0107i nevolju s time \u0161to bih pozivao na neposluh i nepo\u0161tivanje odredbi re\u017eima skoro svih dr\u017eava svijeta, koji polahko ali sigurno uvode cijeli svijet u diktaturu. Mi se sad tje\u0161imo da je to privremeno, dok se ne suzbije pandemija corona virusa, ali oni \u0161to su tad protestovali znaju da \u0107e mnoge mjere ostati zauvjek ili stabd-by i da \u0107e ih vladari koristiti u budu\u0107nosti sve \u010de\u0161\u0107e. Vanredno stanje je san svakog lo\u0161eg vladara, a takvih je najvi\u0161e na svijetu upravo danas.<\/p>\n<p>Za\u0161to \u0107e vanredno stanje zadnji na svijetu uvesti oni koji se ne boje svog naroda i koji sebe ne smatraju od Boga poslanim da vladaju dok su \u017eivi, recimo \u0160ve\u0111ani?<\/p>\n<p>Tamo se i dan danas \u017eivot odvija normalno, kao da corone i nema. Djeca idu u \u0161kole i vrti\u0107e, ljudi koji god mo\u017ee na posao radi, ko mo\u017ee od ku\u0107e radi od ku\u0107e. \u0160vedski premijer zna da je ovo rat i zna da svaki rat dobija ekonomija, a premijer Vlade FBiH veli da \u0107e o ekonomiji razmi\u0161ljati kad ovo pro\u0111e, iako nema niko predstavu koliko \u0107e ovo potrajati i ho\u0107e li hudi Fadil imati o \u010demu uop\u0161te tad razmi\u0161ljati, ako sad ne razmi\u0161lja. O &#8220;premijeru&#8221; dr\u017eave BiH, koji je doveden tu da radi protiv nje, suvi\u0161no je i tro\u0161iti rije\u010di.<\/p>\n<p>Kad \u010dovjek sjedi ovako desetak dana i prati sve \u0161to se de\u0161ava u &#8220;globalnom selu&#8221; kakav je sad planet zemlja, a protiv \u010dega su se borili heroji s po\u010detka pri\u010de, postane mu jasno da mu ni\u0161ta nije jasno! Ne mo\u017ee \u010dovjek povezati ni ono \u0161to govore stru\u010dnjaci, epidemiolozi, a kamo li kad se tu ubace nakvi &#8220;influenseri&#8221; poput nakve Hane Had\u017eiavdagi\u0107, kojoj su od na\u0161ih para dali \u0161ou na FTV da zaglupljuje omladinu i priprema za jo\u0161 ja\u010du diktaturu koja \u0107e ubrzo do\u0107i.<\/p>\n<p>Prvo kad se radi o simptomima. Mnogi govore da je simptome vrlo te\u0161ko razdvojiti od obi\u010dnog gripa. Pa onda vele da su milioni ljudi ve\u0107 prele\u017eali taj stra\u0161ni virus, a da nisu ni znali. Pa govore da napada samo starije, a onda pla\u0161e i mlade da se ne izla\u017eu&#8230; More kontradiktornih informacija, dakle od same struke, a onda kad se tu jo\u0161 pita za mi\u0161ljenje Hanu i Memu Haljevca i kad mediji \u017eeljni &#8220;udarnih vijesti&#8221; dodaju svoju dozu besmislica, vidimo ljude u stanju psihoze i nevi\u0111enog straha, koji aplaudiraju svakoj novoj vanrednoj mjeri, koja mu je onemogu\u0107ila sve.<\/p>\n<p>\u010covjeku je postao imperativ samo da je \u017eiv. Ne postavlja vi\u0161e pitanja ni koliko dugo mo\u017ee trajati to da je &#8220;samo \u017eiv&#8221;, ni kako \u0107e \u017eivjeti kad ga jednog dana puste iz kolektivnog zatvora. To je upravo ono \u0161to su \u017eeljeli posti\u0107i oni lo\u0161i ljudi s po\u010detka pri\u010de, zbog koji su bili protesti antiglobalista. \u0160irenjem straha do\u0161li su u poziciju da bilo kad i bilo gdje mogu ograditi bodljikavom \u017eicom sve stanovnike zemaljske kugle, u \u010demu \u0107e im pomo\u0107i vlade svih zemalja, njihove vojske i policije, a da \u0107e mnogi od obi\u010dnih vojnika i policajaca biti uvjereni kako rade za dobrobit svog naroda i svoje dr\u017eave.<\/p>\n<p>Godinama se proizvodi strah od terorizma, kojem je neuspje\u0161no poku\u0161an dati vjerski predznak, ali se pokazalo da nije dovoljno velik strah da bi vlade imale opravdanje za ovo \u010demu svjedo\u010dimo danas. Ovaj nevidljivi &#8220;terorista&#8221; koji se za samo dva mjeseca ra\u0161irio na cijeli svijet, iako su granice zatvorene i ve\u0107ina stanovni\u0161tva aplaudira s balkona onima koji su ih ogradili u bodljikavu \u017eicu, o\u010dito je mnogo bolji za njihove namjere od onih vidljivih.<\/p>\n<p>Ovaj \u0107e se mo\u0107i pojaviti stalno i gdje god bude to potrebno, bez komplikovanog preno\u0161enja eksplozivnih naprava i uno\u0161enja istih na aerodrome, gdje mali ljudi ne mogu unijeti ni malo ve\u0107u pastu za zube. Nije se narod oslobodio bodljikave \u017eice ni zbog korone, a ve\u0107 mu spominju neki novi &#8220;Hanta&#8221; virus, kojeg su tabloidi poput Avaza, Blica, Kurira, jedva do\u010dekali, jer ponovo imaju naslove tipa &#8220;\u0161okantno&#8221;, &#8220;jezivo&#8221; itd&#8230;Avazovci zadovoljno trljaju ruke. Imat \u0107e godinama naslove koje stave pod &#8220;udarna vijest&#8221;, da se otkrio jo\u0161 jedan zara\u017eeni u pandemiji, koja bi po svom imenu trebala odnositi na desetine miliona \u017eivota.<\/p>\n<p>Ve\u0107 se uveliko rzami\u0161lja o pra\u0107enju ljudi uz pomo\u0107 mobitela, a aktuelna je i pri\u010da u ugradnji \u010dipova s kojom \u0107e se centralizirati mo\u0107 \u0161a\u010dice ljudi na jedno dugme.<\/p>\n<p>\u0160to je naj\u017ealosnije, na to \u010dipovanje \u0107e nas tjerati ovi \u0161to aplaudiraju s balkona diktaturi. Ove poput mene, koji postavljaju logi\u010dno pitanje &#8220;je li ba\u0161 potrebno i\u0107i toliko daleko&#8221; \u0107e proglasiti teoreti\u010darom zavjere i ne\u0107e niko fermati to \u0161to pri\u010damo i pi\u0161emo.<br \/>\nVidjeh negdje krasnu karikaturu koja oslikava stanje u svijetu na najbolji mogu\u0107i na\u010din. Na njoj se jedan ovan odvojio od stada i posmatra psa koji ih \u010duva i \u010dobana. On ka\u017ee &#8220;pa vidite li da pas i \u010dovjek sara\u0111uju protiv nas&#8221;, a iz stada ga napado\u0161e, &#8220;opet ti s tvojim teorijama zavjere&#8221;!<\/p>\n<p>Osje\u0107am se poput tog ovna iz karikature, ali moradoh ne\u0161to napisati na tu temu, jer \u0107u na sudnjem danu biti pitan \u0161ta sam uradio da otklonim neku nepravdu.<\/p>\n<p>Izvor: Bo\u0161njaci.net<\/p>\n","protected":false},"excerpt":{"rendered":"<p>Ova starija generacija, koja je sad &#8220;rizi\u010dna grupa&#8221; od zaraze koronom ili je na pragu da bude, sigurno se sje\u0107a protesta &#8220;antiglobalista&#8221;, koji su se uglavnom de\u0161avali tamo gdje su zajedale vlade najrazvijenijih zemalja svijeta i me\u0111unarodne financijske institucije. Nama iz ostatka svijeta nije bilo jasno za\u0161to studenti u Frankfurtu rizikuju \u017eivot da protestuju protiv [&hellip;]<\/p>\n","protected":false},"author":7,"featured_media":0,"comment_status":"open","ping_status":"closed","sticky":false,"template":"","format":"standard","meta":{"inline_featured_image":false,"footnotes":""},"categories":[284],"tags":[],"class_list":{"0":"post-16176","1":"post","2":"type-post","3":"status-publish","4":"format-standard","6":"category-izdvojeno"},"acf":[],"_links":{"self":[{"href":"https:\/\/tvsensor.com\/api\/wp\/v2\/posts\/16176","targetHints":{"allow":["GET"]}}],"collection":[{"href":"https:\/\/tvsensor.com\/api\/wp\/v2\/posts"}],"about":[{"href":"https:\/\/tvsensor.com\/api\/wp\/v2\/types\/post"}],"author":[{"embeddable":true,"href":"https:\/\/tvsensor.com\/api\/wp\/v2\/users\/7"}],"replies":[{"embeddable":true,"href":"https:\/\/tvsensor.com\/api\/wp\/v2\/comments?post=16176"}],"version-history":[{"count":3,"href":"https:\/\/tvsensor.com\/api\/wp\/v2\/posts\/16176\/revisions"}],"predecessor-version":[{"id":16184,"href":"https:\/\/tvsensor.com\/api\/wp\/v2\/posts\/16176\/revisions\/16184"}],"wp:attachment":[{"href":"https:\/\/tvsensor.com\/api\/wp\/v2\/media?parent=16176"}],"wp:term":[{"taxonomy":"category","embeddable":true,"href":"https:\/\/tvsensor.com\/api\/wp\/v2\/categories?post=16176"},{"taxonomy":"post_tag","embeddable":true,"href":"https:\/\/tvsensor.com\/api\/wp\/v2\/tags?post=16176"}],"curies":[{"name":"wp","href":"https:\/\/api.w.org\/{rel}","templated":true}]}}