{"id":16158,"date":"2020-02-15T11:34:22","date_gmt":"2020-02-15T10:34:22","guid":{"rendered":"https:\/\/senzor.ba\/?p=16158"},"modified":"2024-01-15T21:43:39","modified_gmt":"2024-01-15T20:43:39","slug":"jasmin-hadzic-za-vedatora-i-nas-svaki-dan-je-15-februar","status":"publish","type":"post","link":"https:\/\/tvsensor.com\/clanak\/jasmin-hadzic-za-vedatora-i-nas-svaki-dan-je-15-februar\/","title":{"rendered":"Jasmin Had\u017ei\u0107 : Za Vedatora i nas svaki dan je 15. februar"},"content":{"rendered":"<header>\n<div id=\"header-bottom\" class=\"container\"><\/div>\n<\/header>\n<p><main id=\"article\"><\/p>\n<div class=\"container boxed\">\n<div class=\"grid-right\">\n<article id=\"article-part\" class=\"big-part\">\n<div class=\"post-text-holder\">\n<p>&#8211; Tada su po\u010deli prvi simptomi. Glavobolju i povra\u0107anje imao je svaka tri dana, a kako je vrijeme odmicalo, Vedad je gubio na kila\u017ei. Nakon nekoliko dana su mu u KBZ ustanovili tumor na hipotalamusu koji je producirao hidrocefalus, te stvorio dodatni pritisak na mozak. Stoji\u010dki je podnio sve te tegobe i sa 4 godine zavr\u0161io na operacionom stolu vrhunskih neurohirurga KCUS-a (dr. Eldin Burazerovi\u0107 i dr. Mersad Baru\u010dija). Pre\u017eivio je prvu \u0161estosatnu operaciju, borio se, oporavljao i svakim danom sve oko sebe odu\u0161evljavao. Nakon nje, i drugu trosatnu operaciju 15-ak dana kasnije. Potom su uslijedile hemioterapije i zra\u010denja. Sedam mjeseci borbe sa hemioterapijama i zra\u010denjem, bolnicama, nalazima i neumoljivom administracijom. Tek \u0161to smo mo\u017eda nekoliko dana odahnuli, nastupila su nova isku\u0161enja i novo pogor\u0161anje, te nova operacija u septembru 2019. godine \u2013 prisje\u0107a se Jasmin Had\u017ei\u0107, otac malog Vedada.<\/p>\n<div class=\"post-content post-content-holder\">\n<p>Zbog svoje velike snage u ovoj neda\u0107i mali dje\u010dak je dobio nadimak Vedator. Kako ka\u017ee njegov otac, sve je izdr\u017eao, a na tre\u0107u operaciju je oti\u0161ao, za nepovjerovati &#8211; s pjesmom.<\/p>\n<p>&#8211; Pjevao je dok je u nama roditeljima sve strepilo i drhtalo od straha. Vjerovali smo u Boga i doktore, a prije svega u snagu i duh na\u0161eg malog Vedada. Iako je njegov oporavak tekao po planu, generalno prognoze nakon toga nisu bile nimalo dobre. Ljekari su nam rekli da su uradili sve \u0161to se mo\u017ee uraditi i da su sve svoje mogu\u0107nosti iscrpili. Mi se nismo predali, niti \u0107emo. Sve smo poku\u0161ali i poku\u0161avamo. Razne alternativne metode lije\u010denja zasad nam daju nadu da mo\u017eemo izgurati do nekih boljih vremena, kad bi nam medicina mo\u017eda ponovo mogla pomo\u0107i. U kontaktu smo s ljekarima u Istanbulu, koji su nam predlagali da urade novu operaciju, koja uistinu donosi nove rizike i nova isku\u0161enja \u2013 govori Jasmin.<\/p>\n<\/div>\n<div class=\"gallery-holder\">\n<div id=\"gallery0\" class=\"gallery ug-under-480 ug-gallery-wrapper ug-theme-default\">\n<div class=\"ug-theme-panel\">\n<div class=\"ug-default-button-fullscreen\"><\/div>\n<div class=\"ug-default-button-play\"><\/div>\n<div class=\"ug-default-button-hidepanel\">\n<div class=\"ug-default-button-hidepanel-bg\"><\/div>\n<div class=\"ug-default-button-hidepanel-tip\"><\/div>\n<\/div>\n<div class=\"ug-strip-panel\">\n<div class=\"ug-strip-arrow ug-strip-arrow-left ug-skin-default ug-button-disabled\">\n<div class=\"ug-strip-arrow-tip\"><\/div>\n<\/div>\n<div class=\"ug-strip-arrow ug-strip-arrow-right ug-skin-default\">\n<div class=\"ug-strip-arrow-tip\"><\/div>\n<\/div>\n<div class=\"ug-panel-handle-tip ug-skin-default\"><\/div>\n<div class=\"ug-thumbs-strip\">\n<div class=\"ug-thumbs-strip-inner\">\n<div class=\"ug-thumb-wrapper ug-thumb-generated ug-thumb-selected ug-thumb-ratio-set\"><img decoding=\"async\" class=\"ug-thumb-image\" src=\"https:\/\/faktor.ba\/cms\/uploads\/2020\/02\/ad01728771824c85c28d87ac898ff5f1.jpg\" \/><\/p>\n<div class=\"ug-thumb-border-overlay\"><\/div>\n<div class=\"ug-thumb-overlay\"><\/div>\n<\/div>\n<div class=\"ug-thumb-wrapper ug-thumb-generated ug-thumb-ratio-set\"><img decoding=\"async\" class=\"ug-thumb-image\" src=\"https:\/\/faktor.ba\/cms\/uploads\/2020\/02\/142e2ad2a31fb5e05b684093ca9a0894.jpg\" \/><\/p>\n<div class=\"ug-thumb-overlay\"><\/div>\n<\/div>\n<div class=\"ug-thumb-wrapper ug-thumb-generated ug-thumb-ratio-set\"><img decoding=\"async\" class=\"ug-thumb-image\" src=\"https:\/\/faktor.ba\/cms\/uploads\/2020\/02\/b08c3dc6a68ce818c5aa613e60bdfbfd.jpg\" \/><\/p>\n<div class=\"ug-thumb-overlay\"><\/div>\n<\/div>\n<div class=\"ug-thumb-wrapper ug-thumb-generated ug-thumb-ratio-set\"><img decoding=\"async\" class=\"ug-thumb-image\" src=\"https:\/\/faktor.ba\/cms\/uploads\/2020\/02\/4792fb646b927ebff3d720da553f30aa.jpg\" \/><\/p>\n<div class=\"ug-thumb-overlay\"><\/div>\n<\/div>\n<\/div>\n<\/div>\n<\/div>\n<div class=\"ug-textpanel\">\n<div class=\"ug-textpanel-bg\"><\/div>\n<div class=\"ug-textpanel-textwrapper\">\n<div class=\"ug-textpanel-description\"><\/div>\n<\/div>\n<\/div>\n<\/div>\n<div class=\"ug-slider-wrapper\">\n<div class=\"ug-slider-inner\">\n<div class=\"ug-slide-wrapper ug-slide1\">\n<div class=\"ug-item-wrapper\"><img decoding=\"async\" src=\"https:\/\/faktor.ba\/cms\/uploads\/2020\/02\/4792fb646b927ebff3d720da553f30aa.jpg\" \/><\/div>\n<\/div>\n<div class=\"ug-slide-wrapper ug-slide2\">\n<div class=\"ug-item-wrapper\"><img decoding=\"async\" src=\"https:\/\/faktor.ba\/cms\/uploads\/2020\/02\/ad01728771824c85c28d87ac898ff5f1.jpg\" \/><\/div>\n<\/div>\n<div class=\"ug-slide-wrapper ug-slide3\">\n<div class=\"ug-item-wrapper\"><img decoding=\"async\" src=\"https:\/\/faktor.ba\/cms\/uploads\/2020\/02\/142e2ad2a31fb5e05b684093ca9a0894.jpg\" \/><\/div>\n<\/div>\n<\/div>\n<div class=\"ug-slider-control ug-arrow-left ug-skin-default\"><\/div>\n<div class=\"ug-slider-control ug-arrow-right ug-skin-default\"><\/div>\n<div class=\"ug-slider-control ug-zoompanel ug-skin-default\">\n<div class=\"ug-zoompanel-button ug-zoompanel-plus\"><\/div>\n<div class=\"ug-zoompanel-button ug-zoompanel-minus ug-zoompanel-button-disabled\"><\/div>\n<div class=\"ug-zoompanel-button ug-zoompanel-return ug-zoompanel-button-disabled\"><\/div>\n<\/div>\n<\/div>\n<\/div>\n<\/div>\n<div class=\"post-content post-content-holder\">\n<p>Danas, 15. februara, u svijetu se obilje\u017eava Me\u0111unarodni dan djece oboljele od malignih bolesti, koji nastoji skrenuti pa\u017enju na ovu problematiku. Poruka porodice Had\u017ei\u0107 svim onima koji prolaze kroz istu borbu, povodom ovog dana, jeste da se nikada ne treba predati i da borba sa raznim isku\u0161enjima ne mora generalno zna\u010diti kraj.<\/p>\n<p>&#8211; \u010covjek mora vjerovati da se mo\u017ee izlije\u010diti i tragati za na\u010dinom da se do tog cilja do\u0111e. Nama je svaki dan 15. februar i \u017eivimo ga \u017eeljom da pomognemo svima i osvijestimo pomalo uspavane gra\u0111ane koji uistinu slabo razmi\u0161ljaju o tome jer bolest ne bira i sve je vi\u0161e oboljelih, na\u017ealost. Vedad kao jedan od simbola dje\u010dije borbe zasad izgleda dobro. On se ve\u0107 16 mjeseci svakodnevno bori sa surovom bole\u0161\u0107u uz pomo\u0107 prijatelja i nas roditelja. To vam slikovito izleda kao da hodate po tankoj liniji i uvijek balansirate izme\u0111u \u017eivota i smrti. Naredni period je vrlo neizvijestan. Sve je mogu\u0107e. Uskoro nam slijedi novi &#8220;MRI snimak&#8221; nakon kojeg \u0107emo znati u kojem pravcu \u0107emo i\u0107i. Postoji i ta opcija nove operacije, ali za nju moramo biti svi spremni, kako psihi\u010dki, fizi\u010dki, tako i finansijski \u2013 nastavlja zeni\u010dki fotograf.<\/p>\n<p>Vedator ima i veliku podr\u0161ku cjelokupne javnosti, ali i pojedinaca iz svih sfera \u017eivota &#8211; sportista, muzi\u010dara, glumaca, pjeva\u010da&#8230;<\/p>\n<p>&#8211; Podr\u0161ka je zaista bila nevjerovatna. Mnogi su nas pozitivno iznenadili i pomogli. Ne bih sada nikoga posebno izdvajao, samo bih se svima od srca zahvalio. Ne znamo kako bismo sami izdr\u017eali ovih 16 mjeseci da nije bilo dobrih ljudi \u0161irom planete. Ljudi obi\u010dno nisu svjesni u prvi mah \u0161ta zna\u010di imati ovu vrstu isku\u0161enja i koliko je snage potrebno da se istraje u borbi. Iskoristili smo priliku da 2015. godine nekoliko trenutaka zajedno provedemo u dru\u0161tvu Vedada Ibi\u0161evi\u0107a, te da napravimo nekoliko fotografija za uspomenu. Vrhunski sportista i jo\u0161 ve\u0107i \u010dovjek odu\u0161evio nas je tada, a i sada kada je stao uz na\u0161eg malog Vedada. Hvala mu puno od srca &#8211; ka\u017ee Vedadov otac.<\/p>\n<p>Nadalje, govori da roditelji koji se susretnu sa sli\u010dnim problemima moraju vjerovati da postoji na\u010din i da postoji lijek.<\/p>\n<p>&#8211; Roditelji najprije moraju da se upoznaju sa svim procedurama i na\u010dinima kako da pomognu svom djetetu i svojoj porodici. Zatim bi bilo dobro da se pove\u017eu sa roditeljima sli\u010dnih ili istih problema i da razmijene iskustva. Mo\u017eda da se obrate nekim organizacijama za pomo\u0107 i sli\u010dno. I na kraju, da vjeruju u Boga, uspjeh i kona\u010dno izlije\u010denje. Na\u0161 dosada\u0161nji uspjeh dugujemo vjeri u Boga, na\u0161im ljekarima, na\u0161im prijateljima i svim dobrim ljudima koji su na razne na\u010dine pristigli u pomo\u0107. Hvala vam puno svima. Na\u0161a borba se nastavlja &#8211; konstatuje Had\u017ei\u0107.<\/p>\n<p>Na kraju razgovora isti\u010de da je &#8220;Roditeljska ku\u0107a&#8221; u Sarajevu za sve roditelje od nemjerljivog zna\u010daja.<\/p>\n<p>&#8211; Njeno osoblje nam je toliko mnogo pomoglo i poma\u017ee u svakom smislu. Bili su i ostali uz nas kad je bilo najpotrebnije. Ponosni smo \u0161to ih imamo i ponosni smo na sve koji podr\u017eavaju rad &#8220;Roditeljske ku\u0107e&#8221; &#8211; ka\u017ee Jasmin.<\/p>\n<\/div>\n<\/div>\n<div class=\"post-meta-holder post-meta-holder-bottom flex-row vertical-center horizontal-between\">\n<div class=\"col-4\">\n<p class=\"source-meta\">Izvor:\u00a0<a class=\"source-link\" href=\"https:\/\/faktor.ba\/vijest\/jasmin-hadzic-za-faktor-za-vedatora-i-nas-svaki-dan-je-15-februar\/70344#\">Faktor<\/a><\/p>\n<\/div>\n<\/div>\n<\/article>\n<\/div>\n<\/div>\n<p><\/main><\/p>\n","protected":false},"excerpt":{"rendered":"<p>&#8211; Tada su po\u010deli prvi simptomi. Glavobolju i povra\u0107anje imao je svaka tri dana, a kako je vrijeme odmicalo, Vedad je gubio na kila\u017ei. Nakon nekoliko dana su mu u KBZ ustanovili tumor na hipotalamusu koji je producirao hidrocefalus, te stvorio dodatni pritisak na mozak. Stoji\u010dki je podnio sve te tegobe i sa 4 godine [&hellip;]<\/p>\n","protected":false},"author":7,"featured_media":16159,"comment_status":"open","ping_status":"closed","sticky":false,"template":"","format":"standard","meta":{"inline_featured_image":false,"footnotes":""},"categories":[75,284],"tags":[349,350,348,347],"class_list":{"0":"post-16158","1":"post","2":"type-post","3":"status-publish","4":"format-standard","5":"has-post-thumbnail","7":"category-intervju","8":"category-izdvojeno","9":"tag-15-februar","10":"tag-medjunarodni-dan-djece-oboljele-od-raka","11":"tag-roditeljska-kuca","12":"tag-srce-za-djecu-oboljelu-od-raka"},"acf":[],"_links":{"self":[{"href":"https:\/\/tvsensor.com\/api\/wp\/v2\/posts\/16158","targetHints":{"allow":["GET"]}}],"collection":[{"href":"https:\/\/tvsensor.com\/api\/wp\/v2\/posts"}],"about":[{"href":"https:\/\/tvsensor.com\/api\/wp\/v2\/types\/post"}],"author":[{"embeddable":true,"href":"https:\/\/tvsensor.com\/api\/wp\/v2\/users\/7"}],"replies":[{"embeddable":true,"href":"https:\/\/tvsensor.com\/api\/wp\/v2\/comments?post=16158"}],"version-history":[{"count":1,"href":"https:\/\/tvsensor.com\/api\/wp\/v2\/posts\/16158\/revisions"}],"predecessor-version":[{"id":16160,"href":"https:\/\/tvsensor.com\/api\/wp\/v2\/posts\/16158\/revisions\/16160"}],"wp:featuredmedia":[{"embeddable":true,"href":"https:\/\/tvsensor.com\/api\/wp\/v2\/media\/16159"}],"wp:attachment":[{"href":"https:\/\/tvsensor.com\/api\/wp\/v2\/media?parent=16158"}],"wp:term":[{"taxonomy":"category","embeddable":true,"href":"https:\/\/tvsensor.com\/api\/wp\/v2\/categories?post=16158"},{"taxonomy":"post_tag","embeddable":true,"href":"https:\/\/tvsensor.com\/api\/wp\/v2\/tags?post=16158"}],"curies":[{"name":"wp","href":"https:\/\/api.w.org\/{rel}","templated":true}]}}