{"id":16155,"date":"2020-02-15T06:34:27","date_gmt":"2020-02-15T05:34:27","guid":{"rendered":"https:\/\/senzor.ba\/?p=16155"},"modified":"2024-01-15T21:43:39","modified_gmt":"2024-01-15T20:43:39","slug":"dzamija-u-ljubljani-duhovni-dom-muslimana-video","status":"publish","type":"post","link":"https:\/\/tvsensor.com\/clanak\/dzamija-u-ljubljani-duhovni-dom-muslimana-video\/","title":{"rendered":"D\u017eamija u Ljubljani duhovni dom muslimana (Video)"},"content":{"rendered":"<p>https:\/\/youtube.com\/watch?v=5rYY5-g_e5g%2520frameborder%3D0%2520allow%3Daccelerometer%3B%2520autoplay%3B%2520encrypted-media%3B%2520gyroscope%3B%2520picture-in-picture%2520allowfullscreen<\/p>\n<p>U izjavi za Media centar Islamske zajednice (IZ) reisu-l-ulema je istakao da \u0107e ova d\u017eamija okupljati muslimane iz cijelog svijeta i da je ona investicija za budu\u0107nost.<\/p>\n<p>&#8211; D\u017eamija je po svojoj formi uistinu prelijepa i ona je na neki na\u010din za Bo\u0161njake d\u017eamija\u00a0 21. stolje\u0107a. Ona simbolizira na\u0161u modernost, na\u0161 poku\u0161aj da iskora\u010dimo, stoga \u017eelim kazati i zahvaliti se svima onima koji su u\u010dinili da ova d\u017eamija ugleda svjetlo dana, \u017eelim se zahvaliti muftiji Grabusu, efendijama, d\u017eematlijama i donatorima. Mi smo, hvala Bogu, nadomak otvaranja ove d\u017eamije, ovog na\u0161eg sna. Nadamo se da \u0107e Centar nastaviti svoj \u017eivot neovisno od nas, da \u0107e kroz stolje\u0107a biti mjesto okupljanja muslimana, a naravno i Bo\u0161njaka, jer su oni najbrojnija muslimanska populacija u Sloveniji &#8211; kazao je reisu-l-ulema Kavazovi\u0107.<\/p>\n<p>Muftija Me\u0161ihata Islamske zajednice u Republici Sloveniji dr. Ned\u017ead ef. Grabus je kazao da je posjeta reisu-l-uleme i delegacije Islamske zajednice d\u017eamiji u Ljubljani veoma zna\u010dajna, te da \u0107e d\u017eamija biti okrilje za muslimane.<\/p>\n<p>&#8211; Naravno, nama je jako drago da smo u prilici ugostiti, ne samo reisu-l-ulemu, nego i delegaciju koja je sa njim do\u0161la. D\u017eamija \u0107e u budu\u0107em vremenu biti otvorena za vjernike u Sloveniji, ali i posjetioce iz drugih dijelova svijeta. D\u017eamija \u0107e ostim redovnih ibadeta imati i druge redovne programe i projekte, obrazovne sadr\u017eaje. Mi \u0107emo se truditi da ovo bude svijetla ta\u010dka muslimanske kulture u Sloveniji, a naravno i na Zapadu &#8211; poru\u010dio je muftija Grabus.<\/p>\n<p>Kamen temeljac za izgradnju prve d\u017eamije u Ljubljani, uz koju je ura\u0111ena i sva prate\u0107a infrastruktura, postavljen je 2013. godine.<\/p>\n<p>Re\u0161o Tigan, porijeklom iz Crne Gore,\u00a0 nije krio svoje ushi\u0107enje.<\/p>\n<p>&#8211; Pedeset godina smo \u010dekali ovu d\u017eamiju. Bilo je fantasti\u010dno do\u010dekati prvu d\u017eumu. Ne mogu vam opisati kako se osje\u0107am. Da ste u mojoj ko\u017ei, mogli biste razumjeti. Kao da do\u0111ete ku\u0107i. Kao da kona\u010dno imate ku\u0107u, govori on.<\/p>\n<p>Mnogo Bo\u0161njaka danas \u017eivi i radi u Sloveniji, a jedan od njih je Mesud Seferovi\u0107 projeklom iz Sanskog Mosta.<\/p>\n<p>&#8211; U Sloveniju sam do\u0161ao 1975. godine poslije osnovne \u0161kole. Ovdje sam mnogo lijepog postigao i do\u017eivio. Mnogo smo toga uradili za IZ u Sloveniji. Ovo\u00a0 \u0161to se desilo skoro da ne mogu opisati. Na ovu d\u017eamiju smo \u010dekali 51. godinu. Uvijek sam mislio da ne\u0107u do\u010dekati njeno otvaranje i da \u0107e je do\u010dekati moja djeca i moji unuci. Presretan sam \u0161to sam ovo uspjeli uraditi\u00a0 i \u0161to sami ja pomogao da se ovaj na\u0161 san ostvari. &#8211; ka\u017ee Seferovi\u0107.<\/p>\n<p>Jedan od \u010dlanova Upravnog odbora (UO) Muslimanskog kulturnog centra je Suad Beganovi\u0107, rodom iz Pe\u0107igrada u Cazinu.<\/p>\n<p>&#8211; Trudim se da uvijek budem aktivan \u010dlan IZ-a u Ljubljani. Nakon izgradnje Muslimanskog centra mi sada kona\u010dno znamo gdje pripadamo. To je isto kada \u010dovjek nema svoju ku\u0107u, a mi sada imamo mjestom gdje uvijek mo\u017eemo do\u0107i i gdje se uvijek mo\u017eemo vratiti. Ovdje mo\u017eemo uvijek do\u0107i, dru\u017eiti se. To je jednostavno Centar za sve aktivnosti &#8211; ocijenio je Beganovi\u0107.<\/p>\n<p>D\u017eumu namaz je klanjalo i mnogo mladih, me\u0111u kojima je i Elvedin Seferovi\u0107, koji je u Ljubljani\u00a0\u00a0zavr\u0161io srednju \u0161kolu i Ekonomski fakultet.<\/p>\n<p>&#8211; Otvaranje Centra je jedan prelijep doga\u0111aj. To smo \u010dekali cijeli svoj \u017eivot. Od pete, \u0161este godine roditelji su me slali u mejtef. Sve faze kroz koje je prolazila IZ u Ljubljani sam i ja pro\u0161ao. Od Grabuli\u0107eve, Pr\u017eana, pa sam do\u010dekao da i ovdje pro\u0161li petak klanjam d\u017eumu. Meni je to bilo kao da je Bajram. Drago mi je \u0161to je danas sa nama i reisu-l-ulema. Dolazi\u0107u ovdje da klanjam i ostale namaze i ako Bog da dovodi\u0107u i svoju djecu, da i oni odrastu uz ovu d\u017eamiju &#8211; poru\u010dio je Elvedin.<\/p>\n<p>Hasan Li\u0161i\u0107\u00a0 je istakao da su se otvaranju ovog centra obradovali i nemuslimani.<\/p>\n<p>&#8211; Mislim da mi u Ljubljani zaslu\u017eujemo da imamo mjesto gdje dostojanstveno mo\u017eemo da do\u0111emo i obavimo molitvu i misilim da ne smetamo nikome. U razgovoru sa mojim prijateljima i radnim kolegama pro\u0161li petak saznao sam da su i oni veseli i sretni, iako nisu muslimani. Mnogo njih me li\u010dno nazvalo da mi \u010destita otvaranje Centra i da me pita kako sam. Ja samo mogu re\u0107i da sam sretan, neizmjerno sretan. A nekoliko mojih poznanika, nemuslimana, je \u010dak i nov\u010dano pomoglo izgradnju Centra &#8211; ka\u017ee Li\u0161i\u0107.<\/p>\n<p>Druga d\u017euma u Muslimanskom kulturnom centru je pokazatelj da izgradnja ovog centra predstavlja prekretnicu za muslimane u Sloveniji i da \u0107e biti mjesto koje oni osje\u0107aju svojim domom.<\/p>\n<p>(Emira Musa\/Amir Muminovi\u0107\/Mensur Ali\u010dkovi\u0107)<\/p>\n<p>Izvor: preporodinfo<\/p>\n","protected":false},"excerpt":{"rendered":"<p>U izjavi za Media centar Islamske zajednice (IZ) reisu-l-ulema je istakao da \u0107e ova d\u017eamija okupljati muslimane iz cijelog svijeta i da je ona investicija za budu\u0107nost. &#8211; D\u017eamija je po svojoj formi uistinu prelijepa i ona je na neki na\u010din za Bo\u0161njake d\u017eamija\u00a0 21. stolje\u0107a. Ona simbolizira na\u0161u modernost, na\u0161 poku\u0161aj da iskora\u010dimo, stoga [&hellip;]<\/p>\n","protected":false},"author":7,"featured_media":16156,"comment_status":"open","ping_status":"closed","sticky":false,"template":"","format":"standard","meta":{"inline_featured_image":false,"footnotes":""},"categories":[57],"tags":[],"class_list":{"0":"post-16155","1":"post","2":"type-post","3":"status-publish","4":"format-standard","5":"has-post-thumbnail","7":"category-religija"},"acf":[],"_links":{"self":[{"href":"https:\/\/tvsensor.com\/api\/wp\/v2\/posts\/16155","targetHints":{"allow":["GET"]}}],"collection":[{"href":"https:\/\/tvsensor.com\/api\/wp\/v2\/posts"}],"about":[{"href":"https:\/\/tvsensor.com\/api\/wp\/v2\/types\/post"}],"author":[{"embeddable":true,"href":"https:\/\/tvsensor.com\/api\/wp\/v2\/users\/7"}],"replies":[{"embeddable":true,"href":"https:\/\/tvsensor.com\/api\/wp\/v2\/comments?post=16155"}],"version-history":[{"count":1,"href":"https:\/\/tvsensor.com\/api\/wp\/v2\/posts\/16155\/revisions"}],"predecessor-version":[{"id":16157,"href":"https:\/\/tvsensor.com\/api\/wp\/v2\/posts\/16155\/revisions\/16157"}],"wp:featuredmedia":[{"embeddable":true,"href":"https:\/\/tvsensor.com\/api\/wp\/v2\/media\/16156"}],"wp:attachment":[{"href":"https:\/\/tvsensor.com\/api\/wp\/v2\/media?parent=16155"}],"wp:term":[{"taxonomy":"category","embeddable":true,"href":"https:\/\/tvsensor.com\/api\/wp\/v2\/categories?post=16155"},{"taxonomy":"post_tag","embeddable":true,"href":"https:\/\/tvsensor.com\/api\/wp\/v2\/tags?post=16155"}],"curies":[{"name":"wp","href":"https:\/\/api.w.org\/{rel}","templated":true}]}}