{"id":16143,"date":"2020-02-13T20:33:07","date_gmt":"2020-02-13T19:33:07","guid":{"rendered":"https:\/\/senzor.ba\/?p=16143"},"modified":"2024-01-15T21:43:39","modified_gmt":"2024-01-15T20:43:39","slug":"dodik-ivancovu-prenio-da-rs-ostaje-pri-svom-stavu","status":"publish","type":"post","link":"https:\/\/tvsensor.com\/clanak\/dodik-ivancovu-prenio-da-rs-ostaje-pri-svom-stavu\/","title":{"rendered":"Dodik Ivancovu prenio da RS ostaje pri svom stavu"},"content":{"rendered":"<div class=\"post-text-holder\">\n<div class=\"post-content post-content-holder\">\n<p>Dodik je Ivancova tokom ve\u010dere upoznao o stavovima zvani\u010dnika Republike Srpske nakon odluke Ustavnog suda BiH u vezi sa Zakonom o poljoprivrednom zemlji\u0161tu RS-a, saznaje Srna.<\/p>\n<p>Prenio je Ivancovu zaklju\u010dke sa ju\u010dera\u0161njeg sastanka zvani\u010dnika RS-a, te da RS ostaje pri stavu da njeni predstavnici u institucijama BiH obustavljaju rad na odlu\u010divanju o bilo kojem pitanju iz nadle\u017enosti organa BiH dok ne bude usvojen zakon o Ustavnom sudu BiH u \u010dijem sastavu ne bi bilo stranih sudija.<\/p>\n<p>Dodik je naglasio da \u0107e ovaj zaklju\u010dak biti potvr\u0111en na posebnoj sjednici Narodne skup\u0161tine RS-a, koja \u0107e biti odr\u017eana u ponedjeljak, 17. februara.<\/p>\n<p>On je pojasnio da je ovaj zaklju\u010dak uslijedio nakon odluke Ustavnog suda BiH da je \u010dlan 53 Zakona o poljoprivrednom zemlji\u0161tu RS-a kojim je propisano da poljoprivredno zemlji\u0161te koje je javno dobro, odnosno dr\u017eavno vlasni\u0161tvo, po sili zakona postaje vlasni\u0161tvo i posjed RS-a u suprotnosti sa Ustavom BiH, odnosno da je Ustavni sud utvrdio da je rije\u010d o isklju\u010divoj nadle\u017enosti BiH u regulisanju pitanja dr\u017eavne imovine.<\/p>\n<p>Radna ve\u010dera sa ambasadorom Rusije uprili\u010dena je u sjedi\u0161tu RS-a u Isto\u010dnom Sarajevu, nakon sastanka sa ambasadorima zemalja Kvinte koji je odr\u017ean u Sarajevu u zgradi Predsjedni\u0161tva BiH.<\/p>\n<p>Prema saznanjima Srne, Dodik je upoznao i ambasadore SAD-a, Velike Britanije, Francuske, NJema\u010dke i Italije o stavovima zvani\u010dnika RS-a nakon odluke Ustavnog suda BiH u vezi sa Zakonom o poljoprivrednom zemlji\u0161tu Srpske.<\/p>\n<p>Dodik je nakon sastanka sa ambasadorima Kvinte u Sarajevu odbio davati izjave za medije.<\/p>\n<\/div>\n<\/div>\n<div class=\"post-meta-holder post-meta-holder-bottom flex-row vertical-center horizontal-between\">\n<div class=\"col-4\">\n<p class=\"source-meta\">Izvor:\u00a0<a class=\"source-link\" href=\"https:\/\/faktor.ba\/vijest\/dodik-ivancovu-prenio-da-rs-ostaje-pri-svom-stavu\/70285#\">Faktor\/Srna<\/a><\/p>\n<\/div>\n<\/div>\n","protected":false},"excerpt":{"rendered":"<p>Dodik je Ivancova tokom ve\u010dere upoznao o stavovima zvani\u010dnika Republike Srpske nakon odluke Ustavnog suda BiH u vezi sa Zakonom o poljoprivrednom zemlji\u0161tu RS-a, saznaje Srna. Prenio je Ivancovu zaklju\u010dke sa ju\u010dera\u0161njeg sastanka zvani\u010dnika RS-a, te da RS ostaje pri stavu da njeni predstavnici u institucijama BiH obustavljaju rad na odlu\u010divanju o bilo kojem pitanju [&hellip;]<\/p>\n","protected":false},"author":7,"featured_media":16144,"comment_status":"open","ping_status":"closed","sticky":false,"template":"","format":"standard","meta":{"inline_featured_image":false,"footnotes":""},"categories":[37],"tags":[],"class_list":{"0":"post-16143","1":"post","2":"type-post","3":"status-publish","4":"format-standard","5":"has-post-thumbnail","7":"category-vijesti"},"acf":[],"_links":{"self":[{"href":"https:\/\/tvsensor.com\/api\/wp\/v2\/posts\/16143","targetHints":{"allow":["GET"]}}],"collection":[{"href":"https:\/\/tvsensor.com\/api\/wp\/v2\/posts"}],"about":[{"href":"https:\/\/tvsensor.com\/api\/wp\/v2\/types\/post"}],"author":[{"embeddable":true,"href":"https:\/\/tvsensor.com\/api\/wp\/v2\/users\/7"}],"replies":[{"embeddable":true,"href":"https:\/\/tvsensor.com\/api\/wp\/v2\/comments?post=16143"}],"version-history":[{"count":1,"href":"https:\/\/tvsensor.com\/api\/wp\/v2\/posts\/16143\/revisions"}],"predecessor-version":[{"id":16145,"href":"https:\/\/tvsensor.com\/api\/wp\/v2\/posts\/16143\/revisions\/16145"}],"wp:featuredmedia":[{"embeddable":true,"href":"https:\/\/tvsensor.com\/api\/wp\/v2\/media\/16144"}],"wp:attachment":[{"href":"https:\/\/tvsensor.com\/api\/wp\/v2\/media?parent=16143"}],"wp:term":[{"taxonomy":"category","embeddable":true,"href":"https:\/\/tvsensor.com\/api\/wp\/v2\/categories?post=16143"},{"taxonomy":"post_tag","embeddable":true,"href":"https:\/\/tvsensor.com\/api\/wp\/v2\/tags?post=16143"}],"curies":[{"name":"wp","href":"https:\/\/api.w.org\/{rel}","templated":true}]}}