{"id":16140,"date":"2020-02-13T20:17:00","date_gmt":"2020-02-13T19:17:00","guid":{"rendered":"https:\/\/senzor.ba\/?p=16140"},"modified":"2024-01-15T21:43:40","modified_gmt":"2024-01-15T20:43:40","slug":"reisu-l-ulema-osudio-napad-na-imama-dzamije-i-novinara-nedzada-latica","status":"publish","type":"post","link":"https:\/\/tvsensor.com\/clanak\/reisu-l-ulema-osudio-napad-na-imama-dzamije-i-novinara-nedzada-latica\/","title":{"rendered":"Reisu-l-ulema osudio napad na imama d\u017eamije i novinara Ned\u017eada Lati\u0107a"},"content":{"rendered":"<p>Reisu-l-ulema jo\u0161 jednom poziva sve d\u017eematlije da po\u0161tuju hurmet (svetost) d\u017eamijskog prostora.<\/p>\n<p>\u2013 Nedopustivo je i neprihvatljivo ispoljavanje bilo kakvog nasilja, fizi\u010dkog ili verbalnog, u prostorima d\u017eamije, kao i rje\u0161avanje li\u010dnih sukoba. Tra\u017eim od policije i nadle\u017enih dr\u017eavnih organa da procesuiraju ovakve slu\u010dajeve i za\u0161tite vjernike od uznemiravanja- ka\u017ee se u saop\u0107enju koje je medijima upu\u0107eno iz Kancelarije reisu-l-uleme.<\/p>\n<p>Izvor: sarajevskimedzlis.ba<\/p>\n","protected":false},"excerpt":{"rendered":"<p>Reisu-l-ulema jo\u0161 jednom poziva sve d\u017eematlije da po\u0161tuju hurmet (svetost) d\u017eamijskog prostora. \u2013 Nedopustivo je i neprihvatljivo ispoljavanje bilo kakvog nasilja, fizi\u010dkog ili verbalnog, u prostorima d\u017eamije, kao i rje\u0161avanje li\u010dnih sukoba. Tra\u017eim od policije i nadle\u017enih dr\u017eavnih organa da procesuiraju ovakve slu\u010dajeve i za\u0161tite vjernike od uznemiravanja- ka\u017ee se u saop\u0107enju koje je medijima [&hellip;]<\/p>\n","protected":false},"author":7,"featured_media":16141,"comment_status":"open","ping_status":"closed","sticky":false,"template":"","format":"standard","meta":{"inline_featured_image":false,"footnotes":""},"categories":[284],"tags":[],"class_list":{"0":"post-16140","1":"post","2":"type-post","3":"status-publish","4":"format-standard","5":"has-post-thumbnail","7":"category-izdvojeno"},"acf":[],"_links":{"self":[{"href":"https:\/\/tvsensor.com\/api\/wp\/v2\/posts\/16140","targetHints":{"allow":["GET"]}}],"collection":[{"href":"https:\/\/tvsensor.com\/api\/wp\/v2\/posts"}],"about":[{"href":"https:\/\/tvsensor.com\/api\/wp\/v2\/types\/post"}],"author":[{"embeddable":true,"href":"https:\/\/tvsensor.com\/api\/wp\/v2\/users\/7"}],"replies":[{"embeddable":true,"href":"https:\/\/tvsensor.com\/api\/wp\/v2\/comments?post=16140"}],"version-history":[{"count":1,"href":"https:\/\/tvsensor.com\/api\/wp\/v2\/posts\/16140\/revisions"}],"predecessor-version":[{"id":16142,"href":"https:\/\/tvsensor.com\/api\/wp\/v2\/posts\/16140\/revisions\/16142"}],"wp:featuredmedia":[{"embeddable":true,"href":"https:\/\/tvsensor.com\/api\/wp\/v2\/media\/16141"}],"wp:attachment":[{"href":"https:\/\/tvsensor.com\/api\/wp\/v2\/media?parent=16140"}],"wp:term":[{"taxonomy":"category","embeddable":true,"href":"https:\/\/tvsensor.com\/api\/wp\/v2\/categories?post=16140"},{"taxonomy":"post_tag","embeddable":true,"href":"https:\/\/tvsensor.com\/api\/wp\/v2\/tags?post=16140"}],"curies":[{"name":"wp","href":"https:\/\/api.w.org\/{rel}","templated":true}]}}