{"id":16136,"date":"2020-02-12T10:28:07","date_gmt":"2020-02-12T09:28:07","guid":{"rendered":"https:\/\/senzor.ba\/?p=16136"},"modified":"2024-01-15T21:43:40","modified_gmt":"2024-01-15T20:43:40","slug":"epidemija-korona-virusa-gdje-je-nestao-prvi-izolatorij-u-bih","status":"publish","type":"post","link":"https:\/\/tvsensor.com\/clanak\/epidemija-korona-virusa-gdje-je-nestao-prvi-izolatorij-u-bih\/","title":{"rendered":"Epidemija korona virusa: Gdje je nestao prvi &#8216;izolatorij&#8217; u BiH?"},"content":{"rendered":"<p>Dok vlasti u Bosni i Hercegovini tvrde da mogu adekvatno odgovoriti na izazove izazvane epidemijom krona virusa, i dalje nije jasno gdje bi zara\u017eeni pacijeniti bili lije\u010deni.<\/p>\n<p>Klini\u010dki centar Univerziteta Sarajevo [KCUS], kao ni ostale zdravstvene ustanove u Kantonu Sarajevo ne posjeduje odgovaraju\u0107i prostor koji bi ispunio uslove za prihvat i tretman pacijenata sa\u00a0<a href=\"http:\/\/balkans.aljazeera.net\/tema\/korona-virus\">sumnjom na Corona virusnu infekciju<\/a>, rekao je za Al Jazeeru Rusmir Balji\u0107, \u0161ef Klinike za infektivne bolesti KCUS-a, odgovaraju\u0107i na pitanje da li najve\u0107a zdravstvena ustanova u Bosni i Hercegovini ima izolatorij za smje\u0161taj pacijenata u slu\u010daju zaraze smrtonosnim virusom, u jeku epidemije koja se izvan Kine pro\u0161irila na blizu 30 drugih zemalja, usmrtiv\u0161i stotine i zaraziv\u0161i hiljade ljudi\u00a0uglavnom u centralnoj Kini\u00a0u provinciji Hubei gdje se virus i pojavio od kraja pro\u0161le godine.<\/p>\n<p>Balji\u0107 ka\u017ee da pacijenti zara\u017eeni korona virusum ne mogu biti smje\u0161tati u ustanove u kojima su hospitalizirani pacijenti sa drugim dijagnozama, \u201ejer bi to direktno ugrozilo njihovo zdravlje i \u017eivot\u201c.<\/p>\n<h4>Stroga pravila za izgradnju izolatorija<\/h4>\n<p>Sa KCUS-a su i ranije tra\u017eili izgradnju zasebnog izolatorija, koji bi bio \u201eudaljen od naseljenih podru\u010dja\u201c , izvan dosega oko 2.000 pacijenata KCUS-a i oko 3.500 uposlenih na toj zdravstvenoj ustanovi, no takav zahtjev jo\u0161 nije dobio podr\u0161ku vlasti.<\/p>\n<p>\u201ePacijenti sa sumnjom ili potvrdom infekcije korona virusom zahtijevaju odvojene ustanove\u201c, ka\u017ee Balji\u0107.<\/p>\n<p>\u201eTo podrazumijeva odvojene \u010dekaonice, posebne jednokrevetne sobe sa negativnim tlakom, i visok stepen za\u0161tite medicinskog osoblja\u201c.<\/p>\n<p>Pojava korona virusa, koja je od izbijanja u kineskom gradu Wuhan od kraja pro\u0161le godine do danas usmrtila vi\u0161e od 1.000 ljudi, uglavnom u Kini, a zarazila vi\u0161e od 40.000 osoba, me\u0111u njima i neke ljekare, otvorila je pitanje spremnosti Bosne i Hercegovine da se nosi sa globalnim epidemija, ali i ponovo aktivirala pitanje transparentnosti tro\u0161enje javnog novca kojeg vlade izdvajaju za zdravstvo, \u0161to zemlju optere\u0107uje \u010dak dvije i po decenije nakon okon\u010danja rata.<\/p>\n<p>Prema izvje\u0161tajima Transparency Internationala Bosne i Hercegovine predstavljeni krajem 2019. zdravstveni sistem u zemlji je i dalje optere\u0107en korupcijom, gdje prednja\u010di\u00a0korupcija u javnim\u00a0nabavkama.<\/p>\n<h4>Projekt od strate\u0161kog interesa<\/h4>\n<p>Al Jazeeri je na uvid pokazana odluka Vlade Federcije BiH iz oktobra 2014. godine, prema kojoj je tada\u0161nja Vlada, u vrijeme epidemije virusa ebola, zatra\u017eila izdvajanje iz javnog bud\u017eeta 280.000 KM [140.000 eura] za potrebe opremanja izolatorija u klini\u010dkim centrima u Federaciji BiH, \u201eprimarno za opremanje izolatorija u Klini\u010dkom centru univerziteta u Sarajevu\u201c.\u00a0Takav izolatorij danas ne postoji u zemlji, kao ni na Klini\u010dkom centru u Sarajevu.<\/p>\n<p>Odgovaraju\u0107i na pitanja o Vladinoj finansijskoj podr\u0161ci za izgradnju izolatorija na KCUS-u Balji\u0107 tvrdi da tada\u0161nje rukovodstvo\u00a0Klinike za infektivne bolesti jeste predstavilo plan izgradnje izolatorija u krugu KCUS-a, ali da \u201eosim nabavke za\u0161titne opreme i jednog respiratora, koji su i danas u vlasni\u0161tvu Klinike za infektivne bolesti, te projekata za adaptaciju prostora&#8230;, dalji konkretni koraci nisu poduzimani\u201c. Balji\u0107 se u odgovoru na ovo pitanje ogradio frazom \u201ekoliko mi je poznato.\u201c<\/p>\n<p>Drugi sagovornici Al Jazeere sa KCUS-a imaju druga\u010dije podatke. Za smje\u0161taj prvog izolatorija u zemlji bila je odabrana Dnevna bolnica Psihijatrijske klinike. U obrazlo\u017eenju eksperata koji su radili na projektu navedeno je da je Dnevna bolnica Psihijatrijske klinike izdvojena\u00a0od ostalih objekata u kompleksu KCUS-u, uz odgovaraju\u0107u i drugu infrastrukturu. U periodima bez epidemiolo\u0161kih prijetnji izolatorij je trebao biti vra\u0107en u re\u017eim dnevne bolnice.<\/p>\n<p>Biv\u0161i direktor KCUS-a Damir Aganovi\u0107 ka\u017ee da je izgradnja izolatorija na KCUS-u bila u poodmakloj fazi 2014. godine\u00a0kada je on bio na \u010delu te zdravstvene ustanove, ali je rekao da nije bio u prilici da zna dalju sudbinu tog projekta, nakon \u0161to je razrije\u0161en du\u017enosti iste godine.<\/p>\n<p>Obja\u0161njavaju\u0107i za Al Jazeeru plan izgradnje\u00a0prvog izolatorija u Bosni i Hercegovini Aganovi\u0107 je rekao: \u201ebili smo u poodmakloj fazi opremanja izolatorija\u201c.<\/p>\n<h4>Objekt nepoznate namjene<\/h4>\n<p>Sa KCUS-a nisu \u017eeljeli odgovoriti na pitanje za koje svrhe se sada koristi Dnevna bolnica Psihijatrijske klinike koja je 2014. godine bila adaptirana za potrebe izolatorija.<\/p>\n<p>O subini izolatorija na KCUS-u nije \u017eelio govoriti ni Rusmir Mesihovi\u0107. On je kao biv\u0161i ministar zdravstva Federacije BiH bio upoznat sa odlukom Vlade FBiH da se javni novac izdvoji za opremanje tog izolatorija, dok je sa projektom opremanja izolatorija bio upoznat i kao direktor KCUS-a, na \u010dije \u010delo je imenovan 2015. ubrzo nakon \u0161to je sa te pozicije razrije\u0161en Aganovi\u0107.<\/p>\n<p>U me\u0111uvremenu, \u0161ef Svjetske zdravstvene organizacije (WHO) Tedros Adhanom Gebrejesus upozorio je u utorak da epidemija korona virusa u Kini predstavlja veoma ozbiljnu prijetnju za ostatak svijeta. Tedros je upozorenje poslao na po\u010detku dvodnevnog foruma u \u017denevi posve\u0107enog korona virusu odakle je WHO\u00a0apelovao da se ubrza istra\u017eivanje lijekova i vakcina protiv virusa koji odnosi sve vi\u0161e \u017eivota.<\/p>\n<p><em>Izvor: Al Jazeera<\/em><\/p>\n","protected":false},"excerpt":{"rendered":"<p>Dok vlasti u Bosni i Hercegovini tvrde da mogu adekvatno odgovoriti na izazove izazvane epidemijom krona virusa, i dalje nije jasno gdje bi zara\u017eeni pacijeniti bili lije\u010deni. Klini\u010dki centar Univerziteta Sarajevo [KCUS], kao ni ostale zdravstvene ustanove u Kantonu Sarajevo ne posjeduje odgovaraju\u0107i prostor koji bi ispunio uslove za prihvat i tretman pacijenata sa\u00a0sumnjom na [&hellip;]<\/p>\n","protected":false},"author":7,"featured_media":16137,"comment_status":"open","ping_status":"closed","sticky":false,"template":"","format":"standard","meta":{"inline_featured_image":false,"footnotes":""},"categories":[43],"tags":[],"class_list":{"0":"post-16136","1":"post","2":"type-post","3":"status-publish","4":"format-standard","5":"has-post-thumbnail","7":"category-bih"},"acf":[],"_links":{"self":[{"href":"https:\/\/tvsensor.com\/api\/wp\/v2\/posts\/16136","targetHints":{"allow":["GET"]}}],"collection":[{"href":"https:\/\/tvsensor.com\/api\/wp\/v2\/posts"}],"about":[{"href":"https:\/\/tvsensor.com\/api\/wp\/v2\/types\/post"}],"author":[{"embeddable":true,"href":"https:\/\/tvsensor.com\/api\/wp\/v2\/users\/7"}],"replies":[{"embeddable":true,"href":"https:\/\/tvsensor.com\/api\/wp\/v2\/comments?post=16136"}],"version-history":[{"count":1,"href":"https:\/\/tvsensor.com\/api\/wp\/v2\/posts\/16136\/revisions"}],"predecessor-version":[{"id":16138,"href":"https:\/\/tvsensor.com\/api\/wp\/v2\/posts\/16136\/revisions\/16138"}],"wp:featuredmedia":[{"embeddable":true,"href":"https:\/\/tvsensor.com\/api\/wp\/v2\/media\/16137"}],"wp:attachment":[{"href":"https:\/\/tvsensor.com\/api\/wp\/v2\/media?parent=16136"}],"wp:term":[{"taxonomy":"category","embeddable":true,"href":"https:\/\/tvsensor.com\/api\/wp\/v2\/categories?post=16136"},{"taxonomy":"post_tag","embeddable":true,"href":"https:\/\/tvsensor.com\/api\/wp\/v2\/tags?post=16136"}],"curies":[{"name":"wp","href":"https:\/\/api.w.org\/{rel}","templated":true}]}}