{"id":15892,"date":"2019-12-03T10:25:03","date_gmt":"2019-12-03T09:25:03","guid":{"rendered":"https:\/\/senzor.ba\/?p=15892"},"modified":"2024-01-15T21:43:47","modified_gmt":"2024-01-15T20:43:47","slug":"pilsel-kolinda-je-svojim-izjavama-sve-bliza-seselju","status":"publish","type":"post","link":"https:\/\/tvsensor.com\/clanak\/pilsel-kolinda-je-svojim-izjavama-sve-bliza-seselju\/","title":{"rendered":"Pilsel: Kolinda je svojim izjavama sve bli\u017ea \u0160e\u0161elju"},"content":{"rendered":"<p>\u201eKolinda Grabar-Kitarovi\u0107 je sponzoru\u0161a kriminalaca. \u0160tovi\u0161e, izjavom da se ratni zlo\u010dinac Slobodan Praljak borio &#8216;za prava hrvatskog naroda&#8217;, hrvatska se predsjednica pretvorila u najgoru varijantu hodaju\u0107eg politi\u010dkog zla u Republici Hrvatskoj. Svojim je izjavama sve bli\u017ea Vojislavu \u0160e\u0161elju\u201c, napisao je Pilsel.<\/p>\n<p>Podsjetimo u intervjuu za medije u Hrvatskoj, Grabar-Kitarovi\u0107 je govorila i o objavi fotografije osu\u0111enog ratnog zlo\u010dinca Slobodana Praljka na dru\u0161tvenim mre\u017eama povodom dvogodi\u0161njice njegove smrti. Na to je rekla:<\/p>\n<p>&#8211; In memoriam jednom hrvatskom generalu i ne\u0107u dalje obja\u0161njavati.<\/p>\n<p>Novinarka ju je podsjetila da se radi o osu\u0111enom ratnom zlo\u010dincu.<\/p>\n<p>&#8211; Ne\u0107u dalje obja\u0161njavati. On se borio za prava hrvatskoga naroda, odslu\u017eio je ono za \u0161to je osu\u0111en. Dogodilo se \u0161to se dogodilo. Veliki propust Ha\u0161koga suda. Ne\u0107u to dalje komentirati &#8211; rekla je Grabar-Kitarovi\u0107.<\/p>\n","protected":false},"excerpt":{"rendered":"<p>\u201eKolinda Grabar-Kitarovi\u0107 je sponzoru\u0161a kriminalaca. \u0160tovi\u0161e, izjavom da se ratni zlo\u010dinac Slobodan Praljak borio &#8216;za prava hrvatskog naroda&#8217;, hrvatska se predsjednica pretvorila u najgoru varijantu hodaju\u0107eg politi\u010dkog zla u Republici Hrvatskoj. Svojim je izjavama sve bli\u017ea Vojislavu \u0160e\u0161elju\u201c, napisao je Pilsel. Podsjetimo u intervjuu za medije u Hrvatskoj, Grabar-Kitarovi\u0107 je govorila i o objavi fotografije [&hellip;]<\/p>\n","protected":false},"author":59,"featured_media":15894,"comment_status":"open","ping_status":"closed","sticky":false,"template":"","format":"standard","meta":{"inline_featured_image":false,"footnotes":""},"categories":[43],"tags":[],"class_list":{"0":"post-15892","1":"post","2":"type-post","3":"status-publish","4":"format-standard","5":"has-post-thumbnail","7":"category-bih"},"acf":[],"_links":{"self":[{"href":"https:\/\/tvsensor.com\/api\/wp\/v2\/posts\/15892","targetHints":{"allow":["GET"]}}],"collection":[{"href":"https:\/\/tvsensor.com\/api\/wp\/v2\/posts"}],"about":[{"href":"https:\/\/tvsensor.com\/api\/wp\/v2\/types\/post"}],"author":[{"embeddable":true,"href":"https:\/\/tvsensor.com\/api\/wp\/v2\/users\/59"}],"replies":[{"embeddable":true,"href":"https:\/\/tvsensor.com\/api\/wp\/v2\/comments?post=15892"}],"version-history":[{"count":1,"href":"https:\/\/tvsensor.com\/api\/wp\/v2\/posts\/15892\/revisions"}],"predecessor-version":[{"id":15895,"href":"https:\/\/tvsensor.com\/api\/wp\/v2\/posts\/15892\/revisions\/15895"}],"wp:featuredmedia":[{"embeddable":true,"href":"https:\/\/tvsensor.com\/api\/wp\/v2\/media\/15894"}],"wp:attachment":[{"href":"https:\/\/tvsensor.com\/api\/wp\/v2\/media?parent=15892"}],"wp:term":[{"taxonomy":"category","embeddable":true,"href":"https:\/\/tvsensor.com\/api\/wp\/v2\/categories?post=15892"},{"taxonomy":"post_tag","embeddable":true,"href":"https:\/\/tvsensor.com\/api\/wp\/v2\/tags?post=15892"}],"curies":[{"name":"wp","href":"https:\/\/api.w.org\/{rel}","templated":true}]}}