{"id":15890,"date":"2019-12-03T10:22:20","date_gmt":"2019-12-03T09:22:20","guid":{"rendered":"https:\/\/senzor.ba\/?p=15890"},"modified":"2024-01-15T21:43:47","modified_gmt":"2024-01-15T20:43:47","slug":"norveski-grad-planira-zabraniti-upotrebu-mobilnih-telefona-u-skolama","status":"publish","type":"post","link":"https:\/\/tvsensor.com\/clanak\/norveski-grad-planira-zabraniti-upotrebu-mobilnih-telefona-u-skolama\/","title":{"rendered":"Norve\u0161ki grad planira zabraniti upotrebu mobilnih telefona u \u0161kolama"},"content":{"rendered":"<p>Norve\u0161ki grad Stavanger planira uvesti zabranu kori\u0161tenja mobilnih telefona u \u0161kolama u tom gradu, javlja Anadolu Agency (AA).<\/p>\n<p>Op\u0107inske vlasti Stavangera osim zabrane mobilnih telefona u \u0161kolama planiraju da mla\u0111im u\u010denicima onemogu\u0107e individualni pristup ra\u010dunarima.<\/p>\n<p>Ve\u0107ina gradskih zastupnika je poru\u010dila da podr\u017eava ovu ideju, napominju\u0107i da je na ovaj na\u010din potrebno djeci omogu\u0107iti &#8220;detoks&#8221; od virtuelnog svijeta.<\/p>\n<p>Planirano je da u\u010denici od prvog do \u010detvrtog razreda vi\u0161e nemaju pristup li\u010dnim ra\u010dunarima, a umjesto toga bit \u0107e postavljeni zajedni\u010dki ra\u010dunari u u\u010dionicama koji \u0107e se mo\u0107i koristiti uz dozvolu u\u010ditelja.<\/p>\n<p>Cilj je da pomenute mjere budu uvedene za u\u010denike svih razreda, od prvog do desetog.<\/p>\n<p>M\u00edmir Kristjansson, gradski zastupnik, kazao je novinarima da je vrlo zabrinut zbog pretjerane upotrebe mobitela i kompjutera me\u0111u djecom i mladim ljudima.<\/p>\n<p>\u201cSigurno je da bi bilo vrlo korisno i zdravo za djecu da manje vremena provode u virtuelnom svijetu\u201c, rekao je Kristjansson.<\/p>\n","protected":false},"excerpt":{"rendered":"<p>Norve\u0161ki grad Stavanger planira uvesti zabranu kori\u0161tenja mobilnih telefona u \u0161kolama u tom gradu, javlja Anadolu Agency (AA). Op\u0107inske vlasti Stavangera osim zabrane mobilnih telefona u \u0161kolama planiraju da mla\u0111im u\u010denicima onemogu\u0107e individualni pristup ra\u010dunarima. Ve\u0107ina gradskih zastupnika je poru\u010dila da podr\u017eava ovu ideju, napominju\u0107i da je na ovaj na\u010din potrebno djeci omogu\u0107iti &#8220;detoks&#8221; od [&hellip;]<\/p>\n","protected":false},"author":59,"featured_media":15891,"comment_status":"open","ping_status":"closed","sticky":false,"template":"","format":"standard","meta":{"inline_featured_image":false,"footnotes":""},"categories":[55],"tags":[],"class_list":{"0":"post-15890","1":"post","2":"type-post","3":"status-publish","4":"format-standard","5":"has-post-thumbnail","7":"category-tehnologija"},"acf":[],"_links":{"self":[{"href":"https:\/\/tvsensor.com\/api\/wp\/v2\/posts\/15890","targetHints":{"allow":["GET"]}}],"collection":[{"href":"https:\/\/tvsensor.com\/api\/wp\/v2\/posts"}],"about":[{"href":"https:\/\/tvsensor.com\/api\/wp\/v2\/types\/post"}],"author":[{"embeddable":true,"href":"https:\/\/tvsensor.com\/api\/wp\/v2\/users\/59"}],"replies":[{"embeddable":true,"href":"https:\/\/tvsensor.com\/api\/wp\/v2\/comments?post=15890"}],"version-history":[{"count":1,"href":"https:\/\/tvsensor.com\/api\/wp\/v2\/posts\/15890\/revisions"}],"predecessor-version":[{"id":15893,"href":"https:\/\/tvsensor.com\/api\/wp\/v2\/posts\/15890\/revisions\/15893"}],"wp:featuredmedia":[{"embeddable":true,"href":"https:\/\/tvsensor.com\/api\/wp\/v2\/media\/15891"}],"wp:attachment":[{"href":"https:\/\/tvsensor.com\/api\/wp\/v2\/media?parent=15890"}],"wp:term":[{"taxonomy":"category","embeddable":true,"href":"https:\/\/tvsensor.com\/api\/wp\/v2\/categories?post=15890"},{"taxonomy":"post_tag","embeddable":true,"href":"https:\/\/tvsensor.com\/api\/wp\/v2\/tags?post=15890"}],"curies":[{"name":"wp","href":"https:\/\/api.w.org\/{rel}","templated":true}]}}