{"id":15887,"date":"2019-12-03T10:18:54","date_gmt":"2019-12-03T09:18:54","guid":{"rendered":"https:\/\/senzor.ba\/?p=15887"},"modified":"2024-01-15T21:43:47","modified_gmt":"2024-01-15T20:43:47","slug":"u-blagaju-odrzana-napredna-obuka-potraga-i-spasavanje-u-prirodi","status":"publish","type":"post","link":"https:\/\/tvsensor.com\/clanak\/u-blagaju-odrzana-napredna-obuka-potraga-i-spasavanje-u-prirodi\/","title":{"rendered":"U Blagaju odr\u017eana napredna obuka &#8220;Potraga i spa\u0161avanje u prirodi&#8221;"},"content":{"rendered":"<p>U Blagaju je od 26. novembra do 1. decembra odr\u017eana napredna obuka &#8220;Potraga i spa\u0161avanje u prirodi&#8221; koju je organizirala Turska agencija za saradnju i koordinaciju (TIKA) u saradnji s Ministarstvom sigurnosti BiH i organizacijom IHH, javlja Anadolu Agency (AA).<\/p>\n<p>U obuci je u\u010destvovalo 27 polaznika, me\u0111u kojima su i predstavnici uprava civilne za\u0161tite oba entiteta.<\/p>\n<p>Polaznici obuke u\u010dili su kako organizirati tim kada je rije\u010d o aktivnostima spa\u0161avanja, dolasku i na\u010dinu pona\u0161anja na terenu, a osim teorijskog dijela obuke, pokazan je i prakti\u010dni dio.<\/p>\n<p>Nakon zajedni\u010dke vje\u017ebe odr\u017eane na podru\u010dju planine Vele\u017e i u dolini rijeke Bune, polaznicima su dodijeljeni certifikati, a instruktorima zahvalnice, saop\u0107eno je iz TIKA-e.<\/p>\n<p>Ceremoniji je prisustvovao konzul Republike Turske u Mostaru Kudret Oytan, pomo\u0107nik ministra u Odsjeku za me\u0111unarodnu saradnju i koordinaciju pri Ministarstvu sigurnosti Samir Agi\u0107, pomo\u0107nica direktora Sektora za organizaciju, planiranje i obuku u Republi\u010dkoj upravi civilne za\u0161tite Biljana Paji\u0107, koordinator TIKA-e u Bosni i Hercegovini Omer Faruk Alimci te koordinator Uprave za spa\u0161avanje i vanredne situacije pri IHH Emre Yerli.<\/p>\n<p>Yerli je tom prilikom kazao kako je cilj formirati kvalitetne spasila\u010dke ekipe koje \u0107e mo\u0107i adekvatno odgovoriti u slu\u010daju potrebe. Poru\u010dio je kako \u0107e IHH nastaviti sara\u0111ivati s TIKA-om na ovakvim projektima.<\/p>\n<p>Paji\u0107 je zahvalila svim organizacijama koje su pomogle u organiziranju obuke te \u010destitala polaznicima na uspje\u0161no zavr\u0161enoj obuci.<\/p>\n<p>Alimci je kazao kako su zemljotresi koji su nedavno pogodili Bosnu i Hercegovinu i Albaniju, pokazatelj koliko su va\u017ene ovakve obuke. Zahvalio je Ministarstvu sigurnosti, IHH i Uredu za vanredne situacije u Turskoj (AFAD) na njihovom doprinosu te izrazio \u017eelju da ovakve obuke budu nastavljene kako bi \u0161to vi\u0161e ljudskih \u017eivota bilo spa\u0161eno.<\/p>\n<p>Agi\u0107 je \u010destitao i instruktorima na njihovom zalaganju i znanju koje su nastojali prenijeti polaznicima obuke. Poru\u010dio je kako je Ministarstvo spremno pru\u017eiti podr\u0161ku za nastavak ovog projekta.<\/p>\n<p>Oytan je poru\u010dio kako \u0107e Turska uvijek biti uz Bosnu i Hercegovinu te najavio nastavak saradnje me\u0111u dvjema zemljama.<\/p>\n<p>Podsjetio je kako su ovakve obuke i vje\u017ebe izrazito va\u017ene kako bi timovi bili spremni i mogli djelovati u kratkom roku ukoliko do\u0111e do elementarne nepogode i vanredne situacije.<\/p>\n","protected":false},"excerpt":{"rendered":"<p>U Blagaju je od 26. novembra do 1. decembra odr\u017eana napredna obuka &#8220;Potraga i spa\u0161avanje u prirodi&#8221; koju je organizirala Turska agencija za saradnju i koordinaciju (TIKA) u saradnji s Ministarstvom sigurnosti BiH i organizacijom IHH, javlja Anadolu Agency (AA). U obuci je u\u010destvovalo 27 polaznika, me\u0111u kojima su i predstavnici uprava civilne za\u0161tite oba [&hellip;]<\/p>\n","protected":false},"author":59,"featured_media":15888,"comment_status":"open","ping_status":"closed","sticky":false,"template":"","format":"standard","meta":{"inline_featured_image":false,"footnotes":""},"categories":[52],"tags":[],"class_list":{"0":"post-15887","1":"post","2":"type-post","3":"status-publish","4":"format-standard","5":"has-post-thumbnail","7":"category-obrazovanje"},"acf":[],"_links":{"self":[{"href":"https:\/\/tvsensor.com\/api\/wp\/v2\/posts\/15887","targetHints":{"allow":["GET"]}}],"collection":[{"href":"https:\/\/tvsensor.com\/api\/wp\/v2\/posts"}],"about":[{"href":"https:\/\/tvsensor.com\/api\/wp\/v2\/types\/post"}],"author":[{"embeddable":true,"href":"https:\/\/tvsensor.com\/api\/wp\/v2\/users\/59"}],"replies":[{"embeddable":true,"href":"https:\/\/tvsensor.com\/api\/wp\/v2\/comments?post=15887"}],"version-history":[{"count":1,"href":"https:\/\/tvsensor.com\/api\/wp\/v2\/posts\/15887\/revisions"}],"predecessor-version":[{"id":15889,"href":"https:\/\/tvsensor.com\/api\/wp\/v2\/posts\/15887\/revisions\/15889"}],"wp:featuredmedia":[{"embeddable":true,"href":"https:\/\/tvsensor.com\/api\/wp\/v2\/media\/15888"}],"wp:attachment":[{"href":"https:\/\/tvsensor.com\/api\/wp\/v2\/media?parent=15887"}],"wp:term":[{"taxonomy":"category","embeddable":true,"href":"https:\/\/tvsensor.com\/api\/wp\/v2\/categories?post=15887"},{"taxonomy":"post_tag","embeddable":true,"href":"https:\/\/tvsensor.com\/api\/wp\/v2\/tags?post=15887"}],"curies":[{"name":"wp","href":"https:\/\/api.w.org\/{rel}","templated":true}]}}