{"id":15878,"date":"2019-12-03T10:08:47","date_gmt":"2019-12-03T09:08:47","guid":{"rendered":"https:\/\/senzor.ba\/?p=15878"},"modified":"2024-01-15T21:43:48","modified_gmt":"2024-01-15T20:43:48","slug":"u-ep-danas-razgovori-o-zapadnom-balkanu-i-prosirenju-eu","status":"publish","type":"post","link":"https:\/\/tvsensor.com\/clanak\/u-ep-danas-razgovori-o-zapadnom-balkanu-i-prosirenju-eu\/","title":{"rendered":"U EP danas razgovori o Zapadnom Balkanu i pro\u0161irenju EU"},"content":{"rendered":"<p>Poslanici Evropskog parlamenta i \u010dlanovi nacionalnih parlamenata zemlja Zapadnog Balkana razgovara\u0107e danas u Briselu o procesu evrointegracija i politici pro\u0161irenja Evropske unije (EU).<\/p>\n<p>Okrugli sto, u organizaciji Odbora za spoljne poslove (AFET) Evropskog parlamenta, bi\u0107e prilika za vode\u0107e parlamentarce iz dr\u017eava Zapadnog Balkana da se sastanu sa novoizabranim \u010dlanovima Evropskog parlamenta, uklju\u010duju\u0107i i stalne izvjestioce AFET-a, te predsjedavaju\u0107e delegacija Evropskog parlamenta za dr\u017eave zapadnog Balkana u pretpristupnom procesu, saop\u0161teno je iz Parlamentarne skup\u0161tine BiH.<\/p>\n<p>Kako su organizatori najavili, rasprava \u0107e se odnositi na proces evropskih integracija Zapadnog Balkana u svjetlu posljednjih odluka Evropskog vije\u0107a kojima se odga\u0111a otvaranje pregovora sa Sjevernom Makedonijom i Albanijom, te rezolucije Evropskog parlamenta o otvaranju pristupnih pregovora.<\/p>\n<p>O\u010dekuje se da \u0107e se u\u010desnicima okruglog stola obratiti predsjednik Evropskog parlamenta David Sassoli, novoimenovani komesar EU za susjedstvo i pro\u0161irenje Oliver Varhelyi, kao i predsjedavaju\u0107i Radne grupe AFET-a za zapadni Balkan Tonino Picula.<\/p>\n<p>Predsjedavaju\u0107a Kluba hrvatskog naroda u Domu naroda Parlamentarne skup\u0161tine Bosne i Hercegovine (PSBiH) Lidija Bradara i predsjedavaju\u0107i Kluba bo\u0161nja\u010dkog naroda u Domu naroda PSBiH Asim Sarajli\u0107 u\u010destvova\u0107e na okruglom stolu na visokom nivou o procesu evropskih integracija zapadnog Balkana, koji \u0107e se 3. decembra odr\u017eati u Evropskom parlamentu u Briselu.<\/p>\n<p>Parlamentarnu skup\u0161tinu BiH p\u0107e na okruglom stolu predstavljati predsjedavaju\u0107i klubova hrvatskog i bo\u0161nja\u010dkog naroda u Domu naroda PSBiH Lidija Bradara i Asim Sarajli\u0107.<\/p>\n<p>O\u010dekuje se da \u0107e u radu ovog sastanka u\u010destvovati i visoki predstavnik EU za spoljne poslove i bezbjednosnu politiku Josep Borrell.<\/p>\n","protected":false},"excerpt":{"rendered":"<p>Poslanici Evropskog parlamenta i \u010dlanovi nacionalnih parlamenata zemlja Zapadnog Balkana razgovara\u0107e danas u Briselu o procesu evrointegracija i politici pro\u0161irenja Evropske unije (EU). Okrugli sto, u organizaciji Odbora za spoljne poslove (AFET) Evropskog parlamenta, bi\u0107e prilika za vode\u0107e parlamentarce iz dr\u017eava Zapadnog Balkana da se sastanu sa novoizabranim \u010dlanovima Evropskog parlamenta, uklju\u010duju\u0107i i stalne izvjestioce [&hellip;]<\/p>\n","protected":false},"author":59,"featured_media":15879,"comment_status":"open","ping_status":"closed","sticky":false,"template":"","format":"standard","meta":{"inline_featured_image":false,"footnotes":""},"categories":[40],"tags":[],"class_list":{"0":"post-15878","1":"post","2":"type-post","3":"status-publish","4":"format-standard","5":"has-post-thumbnail","7":"category-region"},"acf":[],"_links":{"self":[{"href":"https:\/\/tvsensor.com\/api\/wp\/v2\/posts\/15878","targetHints":{"allow":["GET"]}}],"collection":[{"href":"https:\/\/tvsensor.com\/api\/wp\/v2\/posts"}],"about":[{"href":"https:\/\/tvsensor.com\/api\/wp\/v2\/types\/post"}],"author":[{"embeddable":true,"href":"https:\/\/tvsensor.com\/api\/wp\/v2\/users\/59"}],"replies":[{"embeddable":true,"href":"https:\/\/tvsensor.com\/api\/wp\/v2\/comments?post=15878"}],"version-history":[{"count":1,"href":"https:\/\/tvsensor.com\/api\/wp\/v2\/posts\/15878\/revisions"}],"predecessor-version":[{"id":15880,"href":"https:\/\/tvsensor.com\/api\/wp\/v2\/posts\/15878\/revisions\/15880"}],"wp:featuredmedia":[{"embeddable":true,"href":"https:\/\/tvsensor.com\/api\/wp\/v2\/media\/15879"}],"wp:attachment":[{"href":"https:\/\/tvsensor.com\/api\/wp\/v2\/media?parent=15878"}],"wp:term":[{"taxonomy":"category","embeddable":true,"href":"https:\/\/tvsensor.com\/api\/wp\/v2\/categories?post=15878"},{"taxonomy":"post_tag","embeddable":true,"href":"https:\/\/tvsensor.com\/api\/wp\/v2\/tags?post=15878"}],"curies":[{"name":"wp","href":"https:\/\/api.w.org\/{rel}","templated":true}]}}