{"id":15864,"date":"2019-12-01T12:52:37","date_gmt":"2019-12-01T11:52:37","guid":{"rendered":"https:\/\/senzor.ba\/?p=15864"},"modified":"2024-01-15T21:43:48","modified_gmt":"2024-01-15T20:43:48","slug":"sinisa-kovacevic-kad-nedostaje-stid-tu-je-kraj","status":"publish","type":"post","link":"https:\/\/tvsensor.com\/clanak\/sinisa-kovacevic-kad-nedostaje-stid-tu-je-kraj\/","title":{"rendered":"Sini\u0161a Kova\u010devi\u0107: Kad nedostaje stid, tu je kraj"},"content":{"rendered":"<p><span style=\"font-size: medium;\">Dramski pisac Sini\u0161a Kova\u010devi\u0107 odgovarao je na pitanje kako bi nazvao vreme u kome \u017eivimo, ako je svoj roman, u kome je opisao u\u017ease Prvog svetskog rata, naslovio \u201cGodine vrana\u201d.<\/span><\/p>\n<p><span style=\"font-size: medium;\">\u201cNe znam, morao bih da mislim. Problem s naslovom nije lako re\u0161iv. Nekad se naslov kao blagoslov pojavi i pre nego \u0161to po\u010dnete da pi\u0161ete, a nekad se strahovito mu\u010dite i kad zavr\u0161ite delo. Ovo je vreme lo\u0161ih. Ovo je vreme nedobronamernih, vreme onih bez zakletve. Ovo je vreme onih kojima zakletva nije ni ruka na de\u010djem temenu ni na religijskoj knjizi. Najpre bih ga definisao kao vreme bez stida. Kad nestane stid, nestaje sve, bio on individualni ili kolektivni. Propast po\u010dinje kad nestane rumeni u obrazima i znoja na dlanovima i kad je sve dopu\u0161teno i kad se sve sme. I kada, bez ikakvog respekta prema \u010dinjenici da je neko naporno i te\u0161ko u\u010dio, studirao i no\u0107ima bdio da bi do\u0161ao do akademske diplome ili titule doktora, odete i kupite diplomu za jedno popodne. I na novinarsko pitanje koji ste fakultet zavr\u0161ili, ka\u017eete: imam diplomu, ali ne znam. Dakle, kad nedostaje stid, tu je kraj.\u201d<\/span><\/p>\n<p><span style=\"font-size: medium;\">(Blic, 16. 9. 2018. godine)<\/span><\/p>\n","protected":false},"excerpt":{"rendered":"<p>Dramski pisac Sini\u0161a Kova\u010devi\u0107 odgovarao je na pitanje kako bi nazvao vreme u kome \u017eivimo, ako je svoj roman, u kome je opisao u\u017ease Prvog svetskog rata, naslovio \u201cGodine vrana\u201d. \u201cNe znam, morao bih da mislim. Problem s naslovom nije lako re\u0161iv. Nekad se naslov kao blagoslov pojavi i pre nego \u0161to po\u010dnete da pi\u0161ete, [&hellip;]<\/p>\n","protected":false},"author":7,"featured_media":15865,"comment_status":"open","ping_status":"closed","sticky":false,"template":"","format":"standard","meta":{"inline_featured_image":false,"footnotes":""},"categories":[76],"tags":[],"class_list":{"0":"post-15864","1":"post","2":"type-post","3":"status-publish","4":"format-standard","5":"has-post-thumbnail","7":"category-kolumne"},"acf":[],"_links":{"self":[{"href":"https:\/\/tvsensor.com\/api\/wp\/v2\/posts\/15864","targetHints":{"allow":["GET"]}}],"collection":[{"href":"https:\/\/tvsensor.com\/api\/wp\/v2\/posts"}],"about":[{"href":"https:\/\/tvsensor.com\/api\/wp\/v2\/types\/post"}],"author":[{"embeddable":true,"href":"https:\/\/tvsensor.com\/api\/wp\/v2\/users\/7"}],"replies":[{"embeddable":true,"href":"https:\/\/tvsensor.com\/api\/wp\/v2\/comments?post=15864"}],"version-history":[{"count":1,"href":"https:\/\/tvsensor.com\/api\/wp\/v2\/posts\/15864\/revisions"}],"predecessor-version":[{"id":15866,"href":"https:\/\/tvsensor.com\/api\/wp\/v2\/posts\/15864\/revisions\/15866"}],"wp:featuredmedia":[{"embeddable":true,"href":"https:\/\/tvsensor.com\/api\/wp\/v2\/media\/15865"}],"wp:attachment":[{"href":"https:\/\/tvsensor.com\/api\/wp\/v2\/media?parent=15864"}],"wp:term":[{"taxonomy":"category","embeddable":true,"href":"https:\/\/tvsensor.com\/api\/wp\/v2\/categories?post=15864"},{"taxonomy":"post_tag","embeddable":true,"href":"https:\/\/tvsensor.com\/api\/wp\/v2\/tags?post=15864"}],"curies":[{"name":"wp","href":"https:\/\/api.w.org\/{rel}","templated":true}]}}