{"id":15853,"date":"2019-12-01T10:25:34","date_gmt":"2019-12-01T09:25:34","guid":{"rendered":"https:\/\/senzor.ba\/?p=15853"},"modified":"2024-01-15T21:43:49","modified_gmt":"2024-01-15T20:43:49","slug":"za-pet-dana-bosnu-i-hercegovinu-pogodilo-osam-zemljotresa","status":"publish","type":"post","link":"https:\/\/tvsensor.com\/clanak\/za-pet-dana-bosnu-i-hercegovinu-pogodilo-osam-zemljotresa\/","title":{"rendered":"Za pet dana Bosnu i Hercegovinu pogodilo osam zemljotresa"},"content":{"rendered":"<p>Bosnu i Hercegovinu je za\u00a0<strong>nekoliko dana pogodilo \u010dak osam zemljotresa<\/strong>.<\/p>\n<p>Prvi zemljotres koji se osjetio u na\u0161oj zemlji dogodio se u\u00a0<strong>utorak, 26. novemra u 10.19 sati<\/strong>, a epicentar je zabilje\u017een oko Nevesinja. Ja\u010dina zemljotresa iznosila je 5.1 stepen po Richteru, a potres se osjetio u Sarajevu, Zenici, Konjicu, Jablanicu, Gora\u017edu&#8230;<\/p>\n<p>U 10.40 sati istog dana zemlju je pogodio<strong>\u00a0novi zemljotres, ovaj put ja\u010dine 3.3 po Richteru, s epicentrom 14 kilometara od Nevesinja.\u00a0<\/strong><\/p>\n<p><strong>Tre\u0107i zemljotres<\/strong>\u00a0zabilje\u017een je u\u00a0<strong>11.08 sati,<\/strong>\u00a0osam kilometara od Blagaja. Bio je za nijansu, sre\u0107om, slabiji i iznosio je\u00a0<strong>3 po Richteru.<\/strong><\/p>\n<p>Tog dana je zbog prevencije prekinuta nastava u mnogim \u0161kolama na podru\u010dju Nevesinja, Trebinja, Bile\u0107e i drugih gradova.<\/p>\n<p><strong>\u010cetvrti zemljotres tog dana, od 10.19 sati<\/strong>\u00a0kada je prvi zatresao tlo na\u0161e zemlje zabilje\u017een je sedam kilometara od Ljubinja.<\/p>\n<p>Bio je ja\u010dine<strong>\u00a03,4 stepena po Richteru,<\/strong>\u00a0a osjetio se i u Sarajevu, Trebinju, Mostaru, Neumu, Stocu&#8230; Zabilje\u017een je u 12.58 sati.<\/p>\n<p><strong>Peti zemljotres<\/strong>\u00a0zabilje\u017een je\u00a0<strong>narednog dana, 27.11<\/strong>\u00a0u ranim jutarnjim satima na podru\u010dju Nevesinja, a ja\u010dina potresa bila je\u00a0<strong>2,7 stepeni Richterove skale<\/strong>.<\/p>\n<p>Epicentar je zabilje\u017een na dubini od 10 kilometara.<\/p>\n<p><strong>\u0160esti zemljotres<\/strong>\u00a0u samo 24 sata pogodio je BiH u 4.48 sati, a njegova ja\u010dina iznosila je<strong>\u00a02,7 stepeni po Richteru. Epicentar je zabilje\u017een u Potocima kod Mostara.<\/strong><\/p>\n<p><strong>Sedmi zemljotres<\/strong>\u00a0osjetio se u BiH\u00a0<strong>29.11, u 2.51 sati,<\/strong>\u00a0a epicentar je zabilje\u017een kod Stoca. Izmjerena mu je ja\u010dina od 2.8 Richtera.<\/p>\n<p>Posljednji zemljotres zabilje\u017een je jutros, a ja\u010dina novog potresa bila je\u00a0<strong>4,1 stepena po Rihteru<\/strong>, a epicentar je bio tri kilometra od Nevesinja, na dubini od 10 kilometara.<\/p>\n<p>radiosarajevo.ba<\/p>\n","protected":false},"excerpt":{"rendered":"<p>Bosnu i Hercegovinu je za\u00a0nekoliko dana pogodilo \u010dak osam zemljotresa. Prvi zemljotres koji se osjetio u na\u0161oj zemlji dogodio se u\u00a0utorak, 26. novemra u 10.19 sati, a epicentar je zabilje\u017een oko Nevesinja. Ja\u010dina zemljotresa iznosila je 5.1 stepen po Richteru, a potres se osjetio u Sarajevu, Zenici, Konjicu, Jablanicu, Gora\u017edu&#8230; U 10.40 sati istog dana [&hellip;]<\/p>\n","protected":false},"author":59,"featured_media":15854,"comment_status":"open","ping_status":"closed","sticky":false,"template":"","format":"standard","meta":{"inline_featured_image":false,"footnotes":""},"categories":[38],"tags":[],"class_list":{"0":"post-15853","1":"post","2":"type-post","3":"status-publish","4":"format-standard","5":"has-post-thumbnail","7":"category-vijesti-iz-bih"},"acf":[],"_links":{"self":[{"href":"https:\/\/tvsensor.com\/api\/wp\/v2\/posts\/15853","targetHints":{"allow":["GET"]}}],"collection":[{"href":"https:\/\/tvsensor.com\/api\/wp\/v2\/posts"}],"about":[{"href":"https:\/\/tvsensor.com\/api\/wp\/v2\/types\/post"}],"author":[{"embeddable":true,"href":"https:\/\/tvsensor.com\/api\/wp\/v2\/users\/59"}],"replies":[{"embeddable":true,"href":"https:\/\/tvsensor.com\/api\/wp\/v2\/comments?post=15853"}],"version-history":[{"count":1,"href":"https:\/\/tvsensor.com\/api\/wp\/v2\/posts\/15853\/revisions"}],"predecessor-version":[{"id":15855,"href":"https:\/\/tvsensor.com\/api\/wp\/v2\/posts\/15853\/revisions\/15855"}],"wp:featuredmedia":[{"embeddable":true,"href":"https:\/\/tvsensor.com\/api\/wp\/v2\/media\/15854"}],"wp:attachment":[{"href":"https:\/\/tvsensor.com\/api\/wp\/v2\/media?parent=15853"}],"wp:term":[{"taxonomy":"category","embeddable":true,"href":"https:\/\/tvsensor.com\/api\/wp\/v2\/categories?post=15853"},{"taxonomy":"post_tag","embeddable":true,"href":"https:\/\/tvsensor.com\/api\/wp\/v2\/tags?post=15853"}],"curies":[{"name":"wp","href":"https:\/\/api.w.org\/{rel}","templated":true}]}}