{"id":15850,"date":"2019-12-01T10:21:19","date_gmt":"2019-12-01T09:21:19","guid":{"rendered":"https:\/\/senzor.ba\/?p=15850"},"modified":"2024-01-15T21:43:49","modified_gmt":"2024-01-15T20:43:49","slug":"sramotno-fotografija-ratnog-zlocinca-na-starom-mostu-mostarci-sokirani","status":"publish","type":"post","link":"https:\/\/tvsensor.com\/clanak\/sramotno-fotografija-ratnog-zlocinca-na-starom-mostu-mostarci-sokirani\/","title":{"rendered":"Sramotno \/ Fotografija ratnog zlo\u010dinca na Starom mostu, Mostarci \u0161okirani"},"content":{"rendered":"<p>Naime, fotografiju je 29. novembra, na godi\u0161njicu presude u slu\u010daju Prli\u0107 i ostali, objavio portal\u00a0<a href=\"https:\/\/www.grude.com\/clanak\/?i=152603&amp;slika-generala-zavijorila-se-na-starom-mostu&amp;fbclid=IwAR1h9mofQiDS8R2FhKlVZN5qtu76fTZQAdOn6FTY90ZJ25YE7j2LoGiToqI\" target=\"_blank\" rel=\"noopener noreferrer\">Grude.com<\/a>, tvrde\u0107i da &#8220;slika generala zavijorila na Starom mostu.&#8221;<\/p>\n<p><img decoding=\"async\" src=\"https:\/\/storage.radiosarajevo.ba\/\/image\/501455\/1180x732\/thumb.ashx.jpg\" \/><\/p>\n<p>Portal navodi kako se &#8220;vidi da nekoliko mladi\u0107a dr\u017ei sliku generala Herceg-Bosne i jednog od najve\u0107ih intelektualaca u Hrvata?!&#8221;<\/p>\n<p>Nekoliko portala iz Hercegovine bliskih HDZ-u je proteklih dana prenijelo navedenu fotografiju.<\/p>\n<p>Me\u0111utim, jo\u0161 uvijek<strong>\u00a0nije poznato da li je fotografija autenti\u010dna ili se radi o fotomonta\u017ei, o \u010demu postoje \u0161pekulacije u Mostaru.<\/strong><\/p>\n<p>U gradu na Neretvi se zasada jo\u0161 uvijek niko nije oglasio o ovom incidentu.<\/p>\n<p>Podsjetimo, prije dvije godine Ha\u0161ki sud izrekao je osu\u0111uju\u0107e presude \u0161estorici Hrvata iz BiH u predmetu \u201cPrli\u0107 i ostali\u201d. Biv\u0161i predsjednik Vlade Hrvatske zajednice Herceg-Bosne<strong>\u00a0Jadranko Prli\u0107<\/strong>\u00a0osu\u0111en je na 25 godina zatvora, ministar odbrane\u00a0<strong>Bruno Stoji\u0107<\/strong>\u00a0na 20 godina zatvora, dvojica na\u010delnika sto\u017eera HVO-a\u00a0<strong>Slobodan Praljak<\/strong>\u00a0i\u00a0<strong>Milivoj Petkovi\u0107<\/strong>\u00a0na po 20 godina, zapovjednik Vojne policije HVO-a\u00a0<strong>Valentin \u0106ori\u0107<\/strong>\u00a0na 16 godina, a na\u010delnik Odjela za zarobljene\u00a0<strong>Berislav Pu\u0161i\u0107<\/strong>\u00a0na 10 godina zatvora.<\/p>\n<p>Praljak je zajedno sa Jadrankom Prli\u0107em, Brunom Stoji\u0107em, Milivojem Petkovi\u0107em, Valentinom \u0106ori\u0107em i Berislavom Pu\u0161i\u0107, osu\u0111en za udru\u017eeni zlo\u010dina\u010dki poduhvat, zlo\u010dine protiv \u010dovje\u010dnosti, kr\u0161enje zakona ili obi\u010daja ratovanja i te\u0161ke povrede \u017denevskih konvencija.<\/p>\n<p>radiosarajevo.ba<\/p>\n","protected":false},"excerpt":{"rendered":"<p>Naime, fotografiju je 29. novembra, na godi\u0161njicu presude u slu\u010daju Prli\u0107 i ostali, objavio portal\u00a0Grude.com, tvrde\u0107i da &#8220;slika generala zavijorila na Starom mostu.&#8221; Portal navodi kako se &#8220;vidi da nekoliko mladi\u0107a dr\u017ei sliku generala Herceg-Bosne i jednog od najve\u0107ih intelektualaca u Hrvata?!&#8221; Nekoliko portala iz Hercegovine bliskih HDZ-u je proteklih dana prenijelo navedenu fotografiju. Me\u0111utim, [&hellip;]<\/p>\n","protected":false},"author":59,"featured_media":15851,"comment_status":"open","ping_status":"closed","sticky":false,"template":"","format":"standard","meta":{"inline_featured_image":false,"footnotes":""},"categories":[38],"tags":[],"class_list":{"0":"post-15850","1":"post","2":"type-post","3":"status-publish","4":"format-standard","5":"has-post-thumbnail","7":"category-vijesti-iz-bih"},"acf":[],"_links":{"self":[{"href":"https:\/\/tvsensor.com\/api\/wp\/v2\/posts\/15850","targetHints":{"allow":["GET"]}}],"collection":[{"href":"https:\/\/tvsensor.com\/api\/wp\/v2\/posts"}],"about":[{"href":"https:\/\/tvsensor.com\/api\/wp\/v2\/types\/post"}],"author":[{"embeddable":true,"href":"https:\/\/tvsensor.com\/api\/wp\/v2\/users\/59"}],"replies":[{"embeddable":true,"href":"https:\/\/tvsensor.com\/api\/wp\/v2\/comments?post=15850"}],"version-history":[{"count":1,"href":"https:\/\/tvsensor.com\/api\/wp\/v2\/posts\/15850\/revisions"}],"predecessor-version":[{"id":15852,"href":"https:\/\/tvsensor.com\/api\/wp\/v2\/posts\/15850\/revisions\/15852"}],"wp:featuredmedia":[{"embeddable":true,"href":"https:\/\/tvsensor.com\/api\/wp\/v2\/media\/15851"}],"wp:attachment":[{"href":"https:\/\/tvsensor.com\/api\/wp\/v2\/media?parent=15850"}],"wp:term":[{"taxonomy":"category","embeddable":true,"href":"https:\/\/tvsensor.com\/api\/wp\/v2\/categories?post=15850"},{"taxonomy":"post_tag","embeddable":true,"href":"https:\/\/tvsensor.com\/api\/wp\/v2\/tags?post=15850"}],"curies":[{"name":"wp","href":"https:\/\/api.w.org\/{rel}","templated":true}]}}