{"id":15844,"date":"2019-12-01T10:15:41","date_gmt":"2019-12-01T09:15:41","guid":{"rendered":"https:\/\/senzor.ba\/?p=15844"},"modified":"2024-01-15T21:43:49","modified_gmt":"2024-01-15T20:43:49","slug":"komsic-cestitao-godisnjicu-osnivanja-oruzanih-snaga-bih-hvala-vam-na-svemu-sto-cinite-za-nasu-domovinu","status":"publish","type":"post","link":"https:\/\/tvsensor.com\/clanak\/komsic-cestitao-godisnjicu-osnivanja-oruzanih-snaga-bih-hvala-vam-na-svemu-sto-cinite-za-nasu-domovinu\/","title":{"rendered":"Kom\u0161i\u0107 \u010destitao godi\u0161njicu osnivanja Oru\u017eanih snaga BiH: Hvala vam na svemu \u0161to \u010dinite za na\u0161u domovinu"},"content":{"rendered":"<ul>\n<li>\u00a0Svim pripadnicama i pripadnicima Oru\u017eanih snaga Bosne i Hercegovine, u ime Predsjedni\u0161tva BiH i u svoje li\u010dno ime, \u010destitam \u010detrnaestu godi\u0161njicu.<\/li>\n<\/ul>\n<p>Hvala vam za va\u0161 rad, trud i po\u017ertvovanost vojnom pozivu. Hvala vam na svemu \u0161to \u010dinite za na\u0161u domovinu Bosnu i Hercegovinu i njene gra\u0111ane u vanrednim i te\u0161kim situacijama. Bez obzira na sve izazove s kojima se susre\u0107ete, hrabro stojite na svom putu obavljaju\u0107i najte\u017ee zadatke. Svojim aktivnostima u Bosni i Hercegovini i u\u010destvuju\u0107i u mirovnim misijama u svijetu dajete zna\u010dajan doprinos.<\/p>\n<p>Svi smo ponosni na vas zbog toga. \u017delim vam mnogo sre\u0107e u budu\u0107em radu, te da va\u0161i budu\u0107i zadaci i misije uvijek budu uspje\u0161ni\u201c \u2013 navodi u saop\u0107enju predsjedavaju\u0107i Predsjedni\u0161tva BiH.<\/p>\n","protected":false},"excerpt":{"rendered":"<p>\u00a0Svim pripadnicama i pripadnicima Oru\u017eanih snaga Bosne i Hercegovine, u ime Predsjedni\u0161tva BiH i u svoje li\u010dno ime, \u010destitam \u010detrnaestu godi\u0161njicu. Hvala vam za va\u0161 rad, trud i po\u017ertvovanost vojnom pozivu. Hvala vam na svemu \u0161to \u010dinite za na\u0161u domovinu Bosnu i Hercegovinu i njene gra\u0111ane u vanrednim i te\u0161kim situacijama. Bez obzira na sve [&hellip;]<\/p>\n","protected":false},"author":59,"featured_media":15845,"comment_status":"open","ping_status":"closed","sticky":false,"template":"","format":"standard","meta":{"inline_featured_image":false,"footnotes":""},"categories":[38],"tags":[],"class_list":{"0":"post-15844","1":"post","2":"type-post","3":"status-publish","4":"format-standard","5":"has-post-thumbnail","7":"category-vijesti-iz-bih"},"acf":[],"_links":{"self":[{"href":"https:\/\/tvsensor.com\/api\/wp\/v2\/posts\/15844","targetHints":{"allow":["GET"]}}],"collection":[{"href":"https:\/\/tvsensor.com\/api\/wp\/v2\/posts"}],"about":[{"href":"https:\/\/tvsensor.com\/api\/wp\/v2\/types\/post"}],"author":[{"embeddable":true,"href":"https:\/\/tvsensor.com\/api\/wp\/v2\/users\/59"}],"replies":[{"embeddable":true,"href":"https:\/\/tvsensor.com\/api\/wp\/v2\/comments?post=15844"}],"version-history":[{"count":1,"href":"https:\/\/tvsensor.com\/api\/wp\/v2\/posts\/15844\/revisions"}],"predecessor-version":[{"id":15846,"href":"https:\/\/tvsensor.com\/api\/wp\/v2\/posts\/15844\/revisions\/15846"}],"wp:featuredmedia":[{"embeddable":true,"href":"https:\/\/tvsensor.com\/api\/wp\/v2\/media\/15845"}],"wp:attachment":[{"href":"https:\/\/tvsensor.com\/api\/wp\/v2\/media?parent=15844"}],"wp:term":[{"taxonomy":"category","embeddable":true,"href":"https:\/\/tvsensor.com\/api\/wp\/v2\/categories?post=15844"},{"taxonomy":"post_tag","embeddable":true,"href":"https:\/\/tvsensor.com\/api\/wp\/v2\/tags?post=15844"}],"curies":[{"name":"wp","href":"https:\/\/api.w.org\/{rel}","templated":true}]}}