{"id":15835,"date":"2019-11-30T14:04:16","date_gmt":"2019-11-30T13:04:16","guid":{"rendered":"https:\/\/senzor.ba\/?p=15835"},"modified":"2024-01-15T21:43:49","modified_gmt":"2024-01-15T20:43:49","slug":"samra-sije-vrece-za-spas-migranata","status":"publish","type":"post","link":"https:\/\/tvsensor.com\/clanak\/samra-sije-vrece-za-spas-migranata\/","title":{"rendered":"Samra \u0161ije vre\u0107e za spas migranata"},"content":{"rendered":"<p>Samra \u0160ljivi\u0107 ve\u0107 dva mjeseca \u0161ije vre\u0107e za spavanje za migrante koji borave na autobusnom i \u017eeljezni\u010dkom kolodvoru u Tuzli, gradu na sjeveroistoku Bosne i Hercegovine.<\/p>\n<p>Do sada je sa\u0161ila vi\u0161e stotina vre\u0107a, a u cijeli proces je uklju\u010dila i migrante koji dolaze u njeno poduze\u0107e i poma\u017eu joj u izradi vre\u0107a.<\/p>\n<p>Na ovaj korak, kako ka\u017ee Samra za Radio Slobodna Europa (RSE), odlu\u010dila se iz nekoliko razloga.<\/p>\n<p>&#8220;Kada se god u\u0161u\u0161kam nave\u010der, uvijek ih se sjetim. Ovdje je o\u010dajno stanje i volonteri se bore, ali to nije ni\u0161ta u odnosu na ono \u0161to mogu uraditi dr\u017eavni organi&#8221;, isti\u010de ona.<\/p>\n<h2 class=\"wsw__h2\">Sve vi\u0161e zainteresiranih<\/h2>\n<p>Ova mlada Tuzlanka je ve\u0107 nekoliko godina volonterka. Isti\u010de da joj se sve vi\u0161e ljudi javlja sa \u017eeljom da joj pomognu u \u0161ivanju vre\u0107a.<\/p>\n<p>&#8220;Sve mi se vi\u0161e ljudi javlja iz drugih gradova da organiziraju ovakve akcije, a bi\u0107e organizirane radionice u Tuzli za mlade ljude koji \u0107e izra\u0111ivati vre\u0107e. Zanimljivo je da \u0107e u\u010denici osnovnih \u0161kola izra\u0111ivati vre\u0107e zajedno sa svojim nastavnicima. Ukoliko se vre\u0107e poka\u017eu kao funkcionalne, a vjerujem da ho\u0107e, nastavit \u0107emo s akcijom&#8221;, navodi.<\/p>\n<div class=\"wsw__embed\">\n<figure class=\"media-image js-media-expand js-media-expand--ready\">\n<div class=\"img-wrap\">\n<div class=\"thumb\">\n<figure style=\"width: 650px\" class=\"wp-caption alignnone\"><img loading=\"lazy\" decoding=\"async\" class=\" enhanced\" src=\"https:\/\/gdb.rferl.org\/CE2A8DDB-2F86-4C3E-8384-1AD5AB61FAEE_w650_r1_s.jpg\" alt=\"Akcija \u0161ivanja vre\u0107a za migrante\" width=\"650\" height=\"366\" \/><figcaption class=\"wp-caption-text\">Akcija \u0161ivanja vre\u0107a za migrante<\/figcaption><\/figure>\n<\/div>\n<\/div>\n<\/figure>\n<\/div>\n<p>Samra \u0160ljivi\u0107 je potaknula i jednu sugra\u0111anku da svoju ku\u0107u da migrantima na kori\u0161tenje zbog sve te\u017ee situacije i hladnijih dana.<\/p>\n<p>&#8220;Naravno da stotinu ljudi ne mo\u017ee do\u0107i u jednu ku\u0107u odjednom, ali ipak se tu mogu okupati, zgrijati, ru\u010dati. Ne \u017eelim da se nagla\u0161ava ovdje ova pomo\u0107 kao samo moja. Ja zaista \u017eelim da se ovim ljudima pomogne. I sje\u0107am se da su i Srebreni\u010dani kada su dolazili u Tuzli 1995. godine stanovali u na\u0161oj ku\u0107i i \u017eivjeli smo sasvim normalno. Zato mislim da je jako pogre\u0161no \u0161to ljude koji su sada izbjeglice do\u017eivljavamo kao neku tre\u0107u klasu&#8221;, pri\u010da Samra.<\/p>\n<h2 class=\"wsw__h2\">Grad preplavljen migrantima<\/h2>\n<p>Tuzla je jedna od stanica gdje svakodnevno dolazi vi\u0161e od stotinu migranata.<\/p>\n<p>Svi su u te\u0161kom psihofizi\u010dkom stanju, ali ne odustaju od \u017eelje da se domognu zemalja Evropske unije.<\/p>\n<p>Iz Vlade Tuzlanskog kantona su prije nekoliko mjeseci obe\u0107ali da \u0107e osigurati privremeni prihvatni centar, ali se to nije desilo. Osim volontera koji im poma\u017eu, migranti ne dobivaju vi\u0161e ni\u0161ta.<\/p>\n<p><a href=\"https:\/\/www.slobodnaevropa.org\/a\/tuzla-vrece-za-migrante\/30299120.html\">RSE<\/a><\/p>\n","protected":false},"excerpt":{"rendered":"<p>Samra \u0160ljivi\u0107 ve\u0107 dva mjeseca \u0161ije vre\u0107e za spavanje za migrante koji borave na autobusnom i \u017eeljezni\u010dkom kolodvoru u Tuzli, gradu na sjeveroistoku Bosne i Hercegovine. Do sada je sa\u0161ila vi\u0161e stotina vre\u0107a, a u cijeli proces je uklju\u010dila i migrante koji dolaze u njeno poduze\u0107e i poma\u017eu joj u izradi vre\u0107a. Na ovaj korak, [&hellip;]<\/p>\n","protected":false},"author":59,"featured_media":15836,"comment_status":"open","ping_status":"closed","sticky":false,"template":"","format":"standard","meta":{"inline_featured_image":false,"footnotes":""},"categories":[69],"tags":[],"class_list":{"0":"post-15835","1":"post","2":"type-post","3":"status-publish","4":"format-standard","5":"has-post-thumbnail","7":"category-ponos-bih"},"acf":[],"_links":{"self":[{"href":"https:\/\/tvsensor.com\/api\/wp\/v2\/posts\/15835","targetHints":{"allow":["GET"]}}],"collection":[{"href":"https:\/\/tvsensor.com\/api\/wp\/v2\/posts"}],"about":[{"href":"https:\/\/tvsensor.com\/api\/wp\/v2\/types\/post"}],"author":[{"embeddable":true,"href":"https:\/\/tvsensor.com\/api\/wp\/v2\/users\/59"}],"replies":[{"embeddable":true,"href":"https:\/\/tvsensor.com\/api\/wp\/v2\/comments?post=15835"}],"version-history":[{"count":1,"href":"https:\/\/tvsensor.com\/api\/wp\/v2\/posts\/15835\/revisions"}],"predecessor-version":[{"id":15837,"href":"https:\/\/tvsensor.com\/api\/wp\/v2\/posts\/15835\/revisions\/15837"}],"wp:featuredmedia":[{"embeddable":true,"href":"https:\/\/tvsensor.com\/api\/wp\/v2\/media\/15836"}],"wp:attachment":[{"href":"https:\/\/tvsensor.com\/api\/wp\/v2\/media?parent=15835"}],"wp:term":[{"taxonomy":"category","embeddable":true,"href":"https:\/\/tvsensor.com\/api\/wp\/v2\/categories?post=15835"},{"taxonomy":"post_tag","embeddable":true,"href":"https:\/\/tvsensor.com\/api\/wp\/v2\/tags?post=15835"}],"curies":[{"name":"wp","href":"https:\/\/api.w.org\/{rel}","templated":true}]}}