{"id":15829,"date":"2019-11-30T13:55:06","date_gmt":"2019-11-30T12:55:06","guid":{"rendered":"https:\/\/senzor.ba\/?p=15829"},"modified":"2024-01-15T21:43:50","modified_gmt":"2024-01-15T20:43:50","slug":"inzko-dodik-je-kukavica-sedam-godina-cekam-da-me-tuzi","status":"publish","type":"post","link":"https:\/\/tvsensor.com\/clanak\/inzko-dodik-je-kukavica-sedam-godina-cekam-da-me-tuzi\/","title":{"rendered":"Inzko: Dodik je kukavica, sedam godina \u010dekam da me tu\u017ei"},"content":{"rendered":"<p>Inzko je dodao da mu je svejedno \u0161to ga Dodik naziva kriminalcem.<\/p>\n<ul>\n<li>Ka\u017ee da sam smutljivac, me\u0161etar, kriminalac\u2026 On je kukavica, Dodik je kukavica. Sigurno. On je ve\u0107 u martu 2012. godine rekao da \u0107e me tu\u017eiti u Be\u010du, ja jo\u0161 \u010dekam. 23. marta je to rekao, da \u0107e me tu\u017eiti \u2013 \u00a0rekao je Inzko gostuju\u0107i na Face TV.<\/li>\n<\/ul>\n<ul>\n<li>Rekao je da prvo moram u penziju. Ja kao austrijski \u010dinovnik, ve\u0107 sam u penziji. Bujrum, mo\u017ee sad da me tu\u017ei \u2013 kazao je Inzko.<\/li>\n<\/ul>\n","protected":false},"excerpt":{"rendered":"<p>Inzko je dodao da mu je svejedno \u0161to ga Dodik naziva kriminalcem. Ka\u017ee da sam smutljivac, me\u0161etar, kriminalac\u2026 On je kukavica, Dodik je kukavica. Sigurno. On je ve\u0107 u martu 2012. godine rekao da \u0107e me tu\u017eiti u Be\u010du, ja jo\u0161 \u010dekam. 23. marta je to rekao, da \u0107e me tu\u017eiti \u2013 \u00a0rekao je Inzko [&hellip;]<\/p>\n","protected":false},"author":59,"featured_media":15830,"comment_status":"open","ping_status":"closed","sticky":false,"template":"","format":"standard","meta":{"inline_featured_image":false,"footnotes":""},"categories":[234],"tags":[],"class_list":{"0":"post-15829","1":"post","2":"type-post","3":"status-publish","4":"format-standard","5":"has-post-thumbnail","7":"category-politika"},"acf":[],"_links":{"self":[{"href":"https:\/\/tvsensor.com\/api\/wp\/v2\/posts\/15829","targetHints":{"allow":["GET"]}}],"collection":[{"href":"https:\/\/tvsensor.com\/api\/wp\/v2\/posts"}],"about":[{"href":"https:\/\/tvsensor.com\/api\/wp\/v2\/types\/post"}],"author":[{"embeddable":true,"href":"https:\/\/tvsensor.com\/api\/wp\/v2\/users\/59"}],"replies":[{"embeddable":true,"href":"https:\/\/tvsensor.com\/api\/wp\/v2\/comments?post=15829"}],"version-history":[{"count":1,"href":"https:\/\/tvsensor.com\/api\/wp\/v2\/posts\/15829\/revisions"}],"predecessor-version":[{"id":15831,"href":"https:\/\/tvsensor.com\/api\/wp\/v2\/posts\/15829\/revisions\/15831"}],"wp:featuredmedia":[{"embeddable":true,"href":"https:\/\/tvsensor.com\/api\/wp\/v2\/media\/15830"}],"wp:attachment":[{"href":"https:\/\/tvsensor.com\/api\/wp\/v2\/media?parent=15829"}],"wp:term":[{"taxonomy":"category","embeddable":true,"href":"https:\/\/tvsensor.com\/api\/wp\/v2\/categories?post=15829"},{"taxonomy":"post_tag","embeddable":true,"href":"https:\/\/tvsensor.com\/api\/wp\/v2\/tags?post=15829"}],"curies":[{"name":"wp","href":"https:\/\/api.w.org\/{rel}","templated":true}]}}