{"id":15822,"date":"2019-11-30T13:47:49","date_gmt":"2019-11-30T12:47:49","guid":{"rendered":"https:\/\/senzor.ba\/?p=15822"},"modified":"2024-01-15T21:43:50","modified_gmt":"2024-01-15T20:43:50","slug":"vjernici-dzemata-mravici-pomogli-gradnju-kuce-hodzi-kako-bi-i-u-penziji-ostao-sa-njima","status":"publish","type":"post","link":"https:\/\/tvsensor.com\/clanak\/vjernici-dzemata-mravici-pomogli-gradnju-kuce-hodzi-kako-bi-i-u-penziji-ostao-sa-njima\/","title":{"rendered":"Vjernici d\u017eemata Mravi\u0107i pomogli gradnju ku\u0107e hod\u017ei kako bi i u penziji ostao sa njima"},"content":{"rendered":"<p>Puno je zanimljivosti vezanih za Sabita efendiju \u0160ilji\u0107a. Osim \u0161to je 40 godina imam u d\u017eematu Mravi\u0107i koji pripada Med\u017elisu Islamske zajednice Doboj, ljubitelj je motora, a ono \u0161to je svakako najzanimljivije jeste da su vjernici pomogli da mu se napravi ku\u0107a u Mravi\u0107ima kako bi njihov voljeni hod\u017ea i nakon penzije u koju odlazi za pola godine ostao i dalje sa njima.<\/p>\n<p>Efendija \u0160ilji\u0107 do sada je \u017eivio u vakufskoj ku\u0107i koja pripada i ostaje d\u017eematu Mravi\u0107i, a napravio je vlastitu u mjestu gdje je ro\u0111en, u Lukavica Rijeci gdje je i planirao oti\u0107i kada do\u0111e u penziju za \u0161est mjeseci.<\/p>\n<p>Me\u0111utim, njegove d\u017eematlije nisu \u017eeljele da on ode odavde. Gesta koju su uradile veoma ga je iznenadila.<\/p>\n<p>&#8220;Moja zamisao nije bila da ostanem ovdje, me\u0111utim kada je jedan dio ljudi shvatio da \u0107u, ipak, oti\u0107i, do\u0161li su i rekli mi: &#8216;Ne\u0107e\u0161 i\u0107i odavde nigdje, mi \u0107emo ti poku\u0161ati napraviti ku\u0107u'\u201c, ka\u017ee u razgovoru za Anadolu Agency (AA) efendija \u0160ilji\u0107, dodaju\u0107i kako su jedne ve\u010deri do\u0161li sa Mirnesom Tuki\u0107em, na\u010delnikom op\u0107ine Doboj-Jug i zamolili ga da ih ne ometa u njihovoj namjeri.<\/p>\n<p>Jedan od razloga \u0161to po\u0161tovanja od d\u017eematlija ne manjka, pri\u010da ef. \u0160ilji\u0107, le\u017ei i u njegovom anga\u017emanu za vrijeme agresije na Bosnu i Hercegovinu, ali i na dobojski kraj.<\/p>\n<p>&#8220;Smatrao sam da mi mo\u017eemo odbraniti Bosnu i Hercegovinu, ona je postojala i prije, a postojat \u0107e i do Sudnjega dana. Bio sam ovdje uz narod i nastojao sam da imamo \u0161to vi\u0161e ljudi jer mi nismo spremali na\u0161 narod da odlazi sa svojih ognji\u0161ta. Ako borac ovdje ima porodicu, uvijek \u0107e se vra\u0107ati svojoj domovini\u201c, isti\u010de efendija \u0160ilji\u0107.<\/p>\n<p>Sumiraju\u0107i pri\u010du o imamskom poslu, rekao je da iako on sa sobom nosi ogromnu odgovornost, opet bi odabrao ovaj poziv jer dra\u017e, posebnost, ali i ponos stoje iza njega.<\/p>\n<p>Sabit ef. \u0160ilji\u0107, u d\u017eemat u Mravi\u0107e do\u0161ao je 1979. godine.<\/p>\n<p>&#8220;Dakle 40 godina sam imam u ovom d\u017eematu\u201c, ka\u017ee efendija \u0160ilji\u0107 koji je imam u d\u017eematu Mravi\u0107i, a koji pripada Med\u017elisu Islamske zajednice Doboj, u kojem je proveo svoj skoro cjelokupni radni vijek.<\/p>\n<p>Prije dolaska u Mravi\u0107e, nekoliko je mjeseci na vjerskoj slu\u017ebi bio u jednom d\u017eematu u Kotor-Varo\u0161u.<\/p>\n<p>&#8220;Do\u0161ao sam ovdje sa jednom k\u0107erkom Suvadom koja je imala dvije-tri godine, a ovdje je ro\u0111ena druga k\u0107erka Nihada, ona je Mravi\u0107ka\u201c, isti\u010de ef. \u0160ilji\u0107.<\/p>\n<p>Osim dviju k\u0107erki koje danas imaju svoje porodice, \u0160ilji\u0107 ima i suprugu Muradiju.<\/p>\n<p>&#8220;Imam i \u017eenu, ona je glavna, ona je moj sto\u017eer. Moram je slu\u0161ati, ali kada do\u0111u k\u0107erke, moram i njih slu\u0161ati\u201c, ka\u017ee \u0160ilji\u0107.<\/p>\n<p>Imamski posao ne smatra poslom, ka\u017ee ef. \u0160ilji\u0107, za njega je to \u017eivot. Oduvijek se znalo za vjeru u njegovoj porodici, tako da je logi\u010dan slijed bio upis u Gazi Husrev-begovu medresu u Sarajevu.<\/p>\n<p>&#8220;Koji god posao radio, mo\u017ee\u0161 kazati da je te\u017eak ili ne, ali je najva\u017enije da se odgovorno nosi\u0161 prema njemu. Ustvari, \u0161ta god radio, mora\u0161 biti odgovoran. Vjera me nau\u010dila da to budem, zamisli da zakasnim na d\u017eumu petkom pola sata, pet minuta ili da uop\u0107e ne do\u0111em, e ne mo\u017ee to tako\u201c, navodi ef. \u0160ilji\u0107.<\/p>\n<p>Odlazak mladih i bijela kuga koji naj\u010de\u0161\u0107e idu jedno s drugim, nisu zaobi\u0161li ni op\u0107inu Doboj-Jug, pa tako ni d\u017eemat Mravi\u0107e.<\/p>\n<p>&#8220;Ako \u0107u govoriti o vremenu prije 40 godina i ovom danas, velika je razlika u broju djece u mektebu. Tih godina kada sam ja do\u0161ao, bilo je upisano 320 djece, a danas kada imamo mnogo bolje uvjete, moderne d\u017eamije, savremene mektebe i u\u010dionice, u mektebu imamo upisanih samo 23 u\u010denika\u201c, isti\u010de efendija \u0160ilji\u0107.<\/p>\n<p>Osim ljubavi prema imamskom poslu, ovaj efendija gaji jo\u0161 jednu ljubav, pomalo atipi\u010dnu za na\u0161e podnevlje. Kako bi pokazao \u0161ta je to, ustvari imamsku je odje\u0107u, d\u017eube i ahmediju, zamijenio bajkerskom, pantalonama, prslukom i za\u0161titnom kacigom.<\/p>\n<p>Ljubav prema motorima, pri\u010da \u0160ilji\u0107, krenula je prije 42 godine, 1977. godine, kada je nabavio svoj prvi motor. Ali, postojala je \u017eelja i ranije.<\/p>\n<p>&#8220;\u017delja za motorima se\u017ee jo\u0161 od osnovne \u0161kole, imao sam priliku da u d\u017eematu gdje sam ro\u0111en, vidim svog hod\u017eu Ibrahima ef. Vehabovi\u0107a koji je imao motor. I \u010desto ga je vozio\u201c, ka\u017ee \u0160ilji\u0107.<\/p>\n<p>Prvo u\u010de\u0161\u0107e s motorom je imao 4. jula 1979. godine, na Tjenti\u0161tu. Tu su se okupljali motoristi s podru\u010dja Doboja.<\/p>\n<p>&#8220;U\u010destvovao sam i na Ajvatovici, na koju i dan-danas idem. Po\u010detkom obilje\u017eavanja 11. jula u Srebrenici, tako\u0111er sam krenuo, na po\u010detku sam bio sam, a sada nas nema manje od 20 sa podru\u010dja Doboj-Juga, Te\u0161nja, Maglaja\u201c, isti\u010de \u0160ilji\u0107, dodaju\u0107i kako je jedini sa ovog podru\u010dja koji u\u010destvuje i u odlasku u djevoja\u010dku pe\u0107inu kod Kladnja.<\/p>\n<p>Imao je nekoliko motora, ali jedan mu je ostao u posebnom sje\u0107anju.<\/p>\n<p>&#8220;Kupio sam ga 4. maja 1989. godine u Tesli\u0107u. Uzeo sam ga s namjerom da odem na had\u017ed\u017e u Mekku. Prije rata se moglo i\u0107i privatnim vozilima, autima, motorima, slabo se i\u0161lo avionima\u201c, ka\u017ee efendija \u0160ilji\u0107.<\/p>\n<p>Dodaje kako \u0107e taj motor do\u017eivio jednu \u010dudnu sudbinu.<\/p>\n<p>&#8220;U Stanarima sam trebao pre\u0107i preko pruge, nai\u0161ao je voz i motor je prebijen na dva dijela, meni nije bilo ni\u0161ta. Zanimljivo je \u0161to sam te godine, ipak, oti\u0161ao na had\u017e, ali ne motorom ve\u0107 avionom\u201c, pri\u010da \u0160ilji\u0107.<\/p>\n<p>Voli, ka\u017ee, stare motore i pokazuje nam motor koji je 1960. godi\u0161te, dakle star je 59 godina. U narodu je poznat kao hod\u017ea koji je \u010desto vi\u0111en na motoru.<\/p>\n<p>&#8220;U narodu to i nije ba\u0161 toliko prihva\u0107eno. Kad ka\u017ee\u0161 da hod\u017ea vozi motor, nekako nije prihva\u0107eno. Me\u0111utim, vidjeti hod\u017eu na motoru sa ahmedijom ne ide, ne ide ni da ga vidi\u0161 sa ahmedijom kako vozi auto, tako da i auto, ali i motor imaju svoje propise\u201c, isti\u010de \u0160ilji\u0107, dok pokazuje opremu koju ima.<\/p>\n<p>Bez odijela i kacige nigdje ne ide.<\/p>\n<p>&#8220;Voziti ove mo\u0107ne i jake ma\u0161ine, mogu samo pametni ljudi, oni koji zaista vole to. I ne treba kazati da je neko problemati\u010dan samo zato \u0161to voli motore. To nije tako, ima tu svega, ali naj\u010de\u0161\u0107e su to fini momci. Onaj koji je pijan ili tro\u0161i drogu, mo\u017ee voziti motor do prve krivine, do prvog znaka\u201c, ka\u017ee efendija \u0160ilji\u0107, dodaju\u0107i kako nisu motori krivi zbog nesre\u0107a, zbog padova, pogibije, uvijek je kriv \u010dovjek.<\/p>\n<p>Zanimljivo je \u0161to se ranije i njegova supruga Muradija vozila s njim na motoru.<\/p>\n<p>&#8220;No, kad sam kupio motor u Tesli\u0107u, malo se i protivila. Oti\u0161la je u posjetu svojim roditeljima, a ja sam tada kupio motor. Nisam ga ostavio u na\u0161oj gara\u017ei nego kod kom\u0161ije Murata Krli\u010devi\u0107a. Tu ve\u010der mi je na veselje do\u0161ao kom\u0161ija rahmetli Hamid Tuki\u0107 sa svojom suprugom Emom. \u010cim su pre\u0161li na\u0161 prag, rekli su: &#8216;Do\u0161li smo vam na veselje, hod\u017ea uzeo motor&#8217;. Davao sam mu znakove o\u010dima da \u0161uti jer supruga jo\u0161 ni\u0161ta nije znala\u201c, uz pri\u010da efendija \u0160ilji\u0107 o svojoj drugoj ljubavi.<\/p>\n<p>Potom se penje na motor, stavlja kacigu i ka\u017ee kako \u0107e voziti motor dokad ga zdravlje bude slu\u017eilo. I odlazi na svoju radnu obavezu, u mekteb da u\u010di svoje u\u010denike kako da budu dobri ljudi jer, zaklju\u010duje, to je najva\u017enije.<\/p>\n<div class=\"col-12 videoembed\">\n<div style=\"width: 640px;\" class=\"wp-video\"><!--[if lt IE 9]><script>document.createElement('video');<\/script><![endif]-->\n<video class=\"wp-video-shortcode\" id=\"video-15822-1\" width=\"640\" height=\"360\" preload=\"metadata\" controls=\"controls\"><source type=\"video\/mp4\" src=\"https:\/\/cdnuploads.aa.com.tr\/uploads\/VideoGallery\/2019\/11\/30\/f8b3602d788c0ceae35106476f01a038.mp4?_=1\" \/><a href=\"https:\/\/cdnuploads.aa.com.tr\/uploads\/VideoGallery\/2019\/11\/30\/f8b3602d788c0ceae35106476f01a038.mp4\">https:\/\/cdnuploads.aa.com.tr\/uploads\/VideoGallery\/2019\/11\/30\/f8b3602d788c0ceae35106476f01a038.mp4<\/a><\/video><\/div>\n<\/div>\n","protected":false},"excerpt":{"rendered":"<p>Puno je zanimljivosti vezanih za Sabita efendiju \u0160ilji\u0107a. Osim \u0161to je 40 godina imam u d\u017eematu Mravi\u0107i koji pripada Med\u017elisu Islamske zajednice Doboj, ljubitelj je motora, a ono \u0161to je svakako najzanimljivije jeste da su vjernici pomogli da mu se napravi ku\u0107a u Mravi\u0107ima kako bi njihov voljeni hod\u017ea i nakon penzije u koju odlazi [&hellip;]<\/p>\n","protected":false},"author":59,"featured_media":15823,"comment_status":"open","ping_status":"closed","sticky":false,"template":"","format":"standard","meta":{"inline_featured_image":false,"footnotes":""},"categories":[57],"tags":[],"class_list":{"0":"post-15822","1":"post","2":"type-post","3":"status-publish","4":"format-standard","5":"has-post-thumbnail","7":"category-religija"},"acf":[],"_links":{"self":[{"href":"https:\/\/tvsensor.com\/api\/wp\/v2\/posts\/15822","targetHints":{"allow":["GET"]}}],"collection":[{"href":"https:\/\/tvsensor.com\/api\/wp\/v2\/posts"}],"about":[{"href":"https:\/\/tvsensor.com\/api\/wp\/v2\/types\/post"}],"author":[{"embeddable":true,"href":"https:\/\/tvsensor.com\/api\/wp\/v2\/users\/59"}],"replies":[{"embeddable":true,"href":"https:\/\/tvsensor.com\/api\/wp\/v2\/comments?post=15822"}],"version-history":[{"count":2,"href":"https:\/\/tvsensor.com\/api\/wp\/v2\/posts\/15822\/revisions"}],"predecessor-version":[{"id":15828,"href":"https:\/\/tvsensor.com\/api\/wp\/v2\/posts\/15822\/revisions\/15828"}],"wp:featuredmedia":[{"embeddable":true,"href":"https:\/\/tvsensor.com\/api\/wp\/v2\/media\/15823"}],"wp:attachment":[{"href":"https:\/\/tvsensor.com\/api\/wp\/v2\/media?parent=15822"}],"wp:term":[{"taxonomy":"category","embeddable":true,"href":"https:\/\/tvsensor.com\/api\/wp\/v2\/categories?post=15822"},{"taxonomy":"post_tag","embeddable":true,"href":"https:\/\/tvsensor.com\/api\/wp\/v2\/tags?post=15822"}],"curies":[{"name":"wp","href":"https:\/\/api.w.org\/{rel}","templated":true}]}}