{"id":15815,"date":"2019-11-29T16:47:12","date_gmt":"2019-11-29T15:47:12","guid":{"rendered":"https:\/\/senzor.ba\/?p=15815"},"modified":"2024-01-15T21:43:50","modified_gmt":"2024-01-15T20:43:50","slug":"u-dzamijama-sirom-bih-prikupljana-pomoc-za-nastradale-u-zemljotresu-u-albaniji","status":"publish","type":"post","link":"https:\/\/tvsensor.com\/clanak\/u-dzamijama-sirom-bih-prikupljana-pomoc-za-nastradale-u-zemljotresu-u-albaniji\/","title":{"rendered":"U d\u017eamijama \u0161irom BiH prikupljana pomo\u0107 za nastradale u zemljotresu u Albaniji"},"content":{"rendered":"<p>Odlukom Uprave za vjerske poslove Rijaseta Islamske zajednice u Bosni i Hercegovini danas su u svim d\u017eamijama \u0161irom BiH i dijaspore, nakon d\u017euma-namaza, organizovane sergije, odnosno prikupljanje nov\u010danih sredstava za pomo\u0107 nastradalim u zemljotresu u Albaniji, javlja Anadolu Agency (AA).<\/p>\n<p>Rijasetovom apelu za pomo\u0107 narodu Albanije odazvali su se i brojni vjernici koji su d\u017eumu-namaz, redovnu sedmi\u010dnu zajedni\u010dku molitvu petkom, obavili u Gazi Husrev-begovoj d\u017eamiji u Sarajevu.<\/p>\n<p>Imami su danas u svojim hutbama, obra\u0107anju vjernicima tokom d\u017euma-namaza, ukazali na zna\u010daj podr\u0161ke i solidarnosti s onima koji su pogo\u0111enim prirodnim katastrofama.<\/p>\n<p>Razorni zemljotres koji je pogodio Albaniju prije nekoliko dana izazvao je tragi\u010dne posljedice, ogromne materijalne \u0161tete kao i evidentnu humanitarnu krizu, koja se posebno manifestira u mjestima najvi\u0161e pogo\u0111enim ovom prirodnom katastrofom.<\/p>\n<p>&#8220;S obzirom da u prirodnim katastrofama institucije ne mogu pravovremeno reagirati u pru\u017eanju adekvatne pomo\u0107i nastradalom stanovni\u0161tvu, neophodno je iskazati prakti\u010dnu solidarnost s gra\u0111anima Albanije, koji su proteklih dana uz zebnju, strah i neprospavane no\u0107i, pre\u017eivjeli tragi\u010dne ljudske i materijalne gubitke&#8221;, naveli su ranije iz Uprave za vjerske poslove Rijaseta Islamske zajednice u BiH.<\/p>\n<p>Istakli su u da je saosje\u0107anje spram ljudske patnje i odgovornosti za ljude u nevolji neodvojivi dio islamskog sistema vrijednosti.<\/p>\n<p>&#8220;Islamska zajednica se, s drugim organizacijama, blagovremeno uklju\u010dila u pru\u017eanju pomo\u0107i stanovni\u0161tvu pogo\u0111enom zemljotresom u Albaniji&#8221;, poru\u010deno je u saop\u0107enju Uprave za vjerske poslove Rijaseta Islamske zajednice u BiH.<\/p>\n","protected":false},"excerpt":{"rendered":"<p>Odlukom Uprave za vjerske poslove Rijaseta Islamske zajednice u Bosni i Hercegovini danas su u svim d\u017eamijama \u0161irom BiH i dijaspore, nakon d\u017euma-namaza, organizovane sergije, odnosno prikupljanje nov\u010danih sredstava za pomo\u0107 nastradalim u zemljotresu u Albaniji, javlja Anadolu Agency (AA). Rijasetovom apelu za pomo\u0107 narodu Albanije odazvali su se i brojni vjernici koji su d\u017eumu-namaz, [&hellip;]<\/p>\n","protected":false},"author":59,"featured_media":15816,"comment_status":"open","ping_status":"closed","sticky":false,"template":"","format":"standard","meta":{"inline_featured_image":false,"footnotes":""},"categories":[38],"tags":[],"class_list":{"0":"post-15815","1":"post","2":"type-post","3":"status-publish","4":"format-standard","5":"has-post-thumbnail","7":"category-vijesti-iz-bih"},"acf":[],"_links":{"self":[{"href":"https:\/\/tvsensor.com\/api\/wp\/v2\/posts\/15815","targetHints":{"allow":["GET"]}}],"collection":[{"href":"https:\/\/tvsensor.com\/api\/wp\/v2\/posts"}],"about":[{"href":"https:\/\/tvsensor.com\/api\/wp\/v2\/types\/post"}],"author":[{"embeddable":true,"href":"https:\/\/tvsensor.com\/api\/wp\/v2\/users\/59"}],"replies":[{"embeddable":true,"href":"https:\/\/tvsensor.com\/api\/wp\/v2\/comments?post=15815"}],"version-history":[{"count":1,"href":"https:\/\/tvsensor.com\/api\/wp\/v2\/posts\/15815\/revisions"}],"predecessor-version":[{"id":15817,"href":"https:\/\/tvsensor.com\/api\/wp\/v2\/posts\/15815\/revisions\/15817"}],"wp:featuredmedia":[{"embeddable":true,"href":"https:\/\/tvsensor.com\/api\/wp\/v2\/media\/15816"}],"wp:attachment":[{"href":"https:\/\/tvsensor.com\/api\/wp\/v2\/media?parent=15815"}],"wp:term":[{"taxonomy":"category","embeddable":true,"href":"https:\/\/tvsensor.com\/api\/wp\/v2\/categories?post=15815"},{"taxonomy":"post_tag","embeddable":true,"href":"https:\/\/tvsensor.com\/api\/wp\/v2\/tags?post=15815"}],"curies":[{"name":"wp","href":"https:\/\/api.w.org\/{rel}","templated":true}]}}