{"id":15812,"date":"2019-11-29T16:45:10","date_gmt":"2019-11-29T15:45:10","guid":{"rendered":"https:\/\/senzor.ba\/?p=15812"},"modified":"2024-01-15T21:43:50","modified_gmt":"2024-01-15T20:43:50","slug":"sarajevo-svecanim-postrojavanjem-u-kasarni-rajlovac-obiljezen-dan-oruzanih-snaga-bih","status":"publish","type":"post","link":"https:\/\/tvsensor.com\/clanak\/sarajevo-svecanim-postrojavanjem-u-kasarni-rajlovac-obiljezen-dan-oruzanih-snaga-bih\/","title":{"rendered":"Sarajevo: Sve\u010danim postrojavanjem u kasarni Rajlovac obilje\u017een Dan Oru\u017eanih snaga BiH"},"content":{"rendered":"<p>U kasarni Rajlovac u Sarajevu danas je u prisustvu predsjedavaju\u0107eg Predsjedni\u0161tva \u017deljka Kom\u0161i\u0107a uprili\u010deno sve\u010dano postrojavanje komandi i jedinica Oru\u017eanih snaga BiH povodom obilje\u017eavanja 14. godi\u0161njice OS BiH i 1. decembra &#8211; Dana OS BiH, javlja Anadolu Agency (AA).<\/p>\n<p>Kom\u0161i\u0107 je u obra\u0107anju kazao da su se u proteklih 14 godina Oru\u017eane snage BiH pokazale kao sna\u017ean i pouzdan oslonac dr\u017eavi BiH i svim njenim gra\u0111anima.<\/p>\n<p>&#8220;Oru\u017eane snage BiH su bez sumnje bolji dio na\u0161eg dru\u0161tva i pokazatelj da se reforme u Bosni i Hercegovini mogu provoditi na uspje\u0161an na\u010din. Primarni smisao postojanja Oru\u017eanih snaga BiH jeste za\u0161tita suvereniteta i teritorijalnog integriteta na\u0161e dr\u017eave. To je ujedno i elementarni preduslov za integraciju dr\u017eave Bosne i Hercegovine u \u0161ire odbranbeno \u2013 sigurnosne sisteme, poput NATO saveza, pod \u010dijim okriljem, a istovremeno oslonjeni na vlastite snage, mo\u017eemo biti ne samo sigurni nego i prosperitetni kao dr\u017eava i dru\u0161tvo&#8221;, kazao je Kom\u0161i\u0107.<\/p>\n","protected":false},"excerpt":{"rendered":"<p>U kasarni Rajlovac u Sarajevu danas je u prisustvu predsjedavaju\u0107eg Predsjedni\u0161tva \u017deljka Kom\u0161i\u0107a uprili\u010deno sve\u010dano postrojavanje komandi i jedinica Oru\u017eanih snaga BiH povodom obilje\u017eavanja 14. godi\u0161njice OS BiH i 1. decembra &#8211; Dana OS BiH, javlja Anadolu Agency (AA). Kom\u0161i\u0107 je u obra\u0107anju kazao da su se u proteklih 14 godina Oru\u017eane snage BiH pokazale [&hellip;]<\/p>\n","protected":false},"author":59,"featured_media":15813,"comment_status":"open","ping_status":"closed","sticky":false,"template":"","format":"standard","meta":{"inline_featured_image":false,"footnotes":""},"categories":[38],"tags":[],"class_list":{"0":"post-15812","1":"post","2":"type-post","3":"status-publish","4":"format-standard","5":"has-post-thumbnail","7":"category-vijesti-iz-bih"},"acf":[],"_links":{"self":[{"href":"https:\/\/tvsensor.com\/api\/wp\/v2\/posts\/15812","targetHints":{"allow":["GET"]}}],"collection":[{"href":"https:\/\/tvsensor.com\/api\/wp\/v2\/posts"}],"about":[{"href":"https:\/\/tvsensor.com\/api\/wp\/v2\/types\/post"}],"author":[{"embeddable":true,"href":"https:\/\/tvsensor.com\/api\/wp\/v2\/users\/59"}],"replies":[{"embeddable":true,"href":"https:\/\/tvsensor.com\/api\/wp\/v2\/comments?post=15812"}],"version-history":[{"count":1,"href":"https:\/\/tvsensor.com\/api\/wp\/v2\/posts\/15812\/revisions"}],"predecessor-version":[{"id":15814,"href":"https:\/\/tvsensor.com\/api\/wp\/v2\/posts\/15812\/revisions\/15814"}],"wp:featuredmedia":[{"embeddable":true,"href":"https:\/\/tvsensor.com\/api\/wp\/v2\/media\/15813"}],"wp:attachment":[{"href":"https:\/\/tvsensor.com\/api\/wp\/v2\/media?parent=15812"}],"wp:term":[{"taxonomy":"category","embeddable":true,"href":"https:\/\/tvsensor.com\/api\/wp\/v2\/categories?post=15812"},{"taxonomy":"post_tag","embeddable":true,"href":"https:\/\/tvsensor.com\/api\/wp\/v2\/tags?post=15812"}],"curies":[{"name":"wp","href":"https:\/\/api.w.org\/{rel}","templated":true}]}}