{"id":15809,"date":"2019-11-29T16:42:33","date_gmt":"2019-11-29T15:42:33","guid":{"rendered":"https:\/\/senzor.ba\/?p=15809"},"modified":"2024-01-15T21:43:51","modified_gmt":"2024-01-15T20:43:51","slug":"erdogan-macron-bi-najprije-trebao-preispitati-vlastitu-mozdanu-smrt","status":"publish","type":"post","link":"https:\/\/tvsensor.com\/clanak\/erdogan-macron-bi-najprije-trebao-preispitati-vlastitu-mozdanu-smrt\/","title":{"rendered":"Erdogan: Macron bi najprije trebao preispitati &#8220;vlastitu mo\u017edanu smrt&#8221;"},"content":{"rendered":"<p>Predsjednik Republike Turske Recep Tayyip Erdogan izjavio je danas u Istanbulu da je francuski predsjednik Emmanuel Macron trebao preispitati svoju mo\u017edanu smrt, prije nego \u0161to je izjavio da je NATO u takvom stanju, javlja Anadolu Agency (AA).<\/p>\n<p>Erdogan je danas posjetio Univerzitet Marmara u istanbulskoj \u010detvrti Maltepe, a tom prilikom se dotakao aktuelnih de\u0161avanja. Erdogan je prili\u010dno o\u0161tro reagovao na nedavne rije\u010di francuskog predsjednika Macorna, koji je izjavio da je NATO u stanju &#8220;klini\u010dke smrti&#8221;.<\/p>\n<p>&#8220;Po\u0161tovani Macron, poru\u010dujem iz Turske a re\u0107i \u0107u to i u NATO-u. Ti si trebao preispitati svoju mo\u017edanu smrt. Jer ovakve izjave prili\u010de samo onima tvog profila koji su do\u017eivjeli mo\u017edanu smrt&#8221;, poru\u010dio je Erdogan.<\/p>\n<p>Kritike na ra\u010dun Macrona uputio je i zbog rasprava oko uloge Turske u NATO-u.<\/p>\n<p>&#8220;Da li izbaciti Tursku iz NATO-a ili ne? Je li tvoja nadle\u017enost? Je li ti ima\u0161 ovlasti da donosi\u0161 takvu odluku?&#8221;, upitao je Erdogan.<\/p>\n<p>Govore\u0107i o situaciji u Siriji, Erdogan je podvukao kako Francuska nema pravo na prisutnost na teritoriji te zemlje.<\/p>\n<p>&#8220;Ti nema\u0161 ni pravo niti ovlasti da bude\u0161 tamo. Nije te pozvao ni tamo\u0161nji re\u017eim&#8221;, poru\u010dio je Erdogan.<\/p>\n<p>Poru\u010dio je kako je Francuska ta koja potpuno zanemaruje opravdanu osjetljivost Turske, u kontekstu borbe protiv terorizma. Podvukao je kako Francuska nema pravu da bude u Siriji, no i pored toga poku\u0161ava zadr\u017eati svoju prisutnost u toj zemlji.<\/p>\n<p>Dotakao se i zemljotresa u Albaniji, te najavio da \u0107e Turska u toj zemlji izgraditi 500 stambenih jedinica.<\/p>\n","protected":false},"excerpt":{"rendered":"<p>Predsjednik Republike Turske Recep Tayyip Erdogan izjavio je danas u Istanbulu da je francuski predsjednik Emmanuel Macron trebao preispitati svoju mo\u017edanu smrt, prije nego \u0161to je izjavio da je NATO u takvom stanju, javlja Anadolu Agency (AA). Erdogan je danas posjetio Univerzitet Marmara u istanbulskoj \u010detvrti Maltepe, a tom prilikom se dotakao aktuelnih de\u0161avanja. Erdogan [&hellip;]<\/p>\n","protected":false},"author":59,"featured_media":15810,"comment_status":"open","ping_status":"closed","sticky":false,"template":"","format":"standard","meta":{"inline_featured_image":false,"footnotes":""},"categories":[41],"tags":[],"class_list":{"0":"post-15809","1":"post","2":"type-post","3":"status-publish","4":"format-standard","5":"has-post-thumbnail","7":"category-svijet"},"acf":[],"_links":{"self":[{"href":"https:\/\/tvsensor.com\/api\/wp\/v2\/posts\/15809","targetHints":{"allow":["GET"]}}],"collection":[{"href":"https:\/\/tvsensor.com\/api\/wp\/v2\/posts"}],"about":[{"href":"https:\/\/tvsensor.com\/api\/wp\/v2\/types\/post"}],"author":[{"embeddable":true,"href":"https:\/\/tvsensor.com\/api\/wp\/v2\/users\/59"}],"replies":[{"embeddable":true,"href":"https:\/\/tvsensor.com\/api\/wp\/v2\/comments?post=15809"}],"version-history":[{"count":1,"href":"https:\/\/tvsensor.com\/api\/wp\/v2\/posts\/15809\/revisions"}],"predecessor-version":[{"id":15811,"href":"https:\/\/tvsensor.com\/api\/wp\/v2\/posts\/15809\/revisions\/15811"}],"wp:featuredmedia":[{"embeddable":true,"href":"https:\/\/tvsensor.com\/api\/wp\/v2\/media\/15810"}],"wp:attachment":[{"href":"https:\/\/tvsensor.com\/api\/wp\/v2\/media?parent=15809"}],"wp:term":[{"taxonomy":"category","embeddable":true,"href":"https:\/\/tvsensor.com\/api\/wp\/v2\/categories?post=15809"},{"taxonomy":"post_tag","embeddable":true,"href":"https:\/\/tvsensor.com\/api\/wp\/v2\/tags?post=15809"}],"curies":[{"name":"wp","href":"https:\/\/api.w.org\/{rel}","templated":true}]}}