{"id":15801,"date":"2019-11-29T11:20:07","date_gmt":"2019-11-29T10:20:07","guid":{"rendered":"https:\/\/senzor.ba\/?p=15801"},"modified":"2024-01-15T21:43:51","modified_gmt":"2024-01-15T20:43:51","slug":"fk-sarajevo-pred-120-gradski-derbi-zelimo-ostati-na-vrhu-tabele","status":"publish","type":"post","link":"https:\/\/tvsensor.com\/clanak\/fk-sarajevo-pred-120-gradski-derbi-zelimo-ostati-na-vrhu-tabele\/","title":{"rendered":"FK Sarajevo pred 120. gradski derbi: \u017delimo ostati na vrhu tabele"},"content":{"rendered":"<p><strong>Husref Musemi\u0107, trener fudbalera Sarajeva, uo\u010di 120. prvenstvenog vje\u010ditog derbija protiv \u017deljezni\u010dara naglasio je da njegov tim nakon duela sa najve\u0107im rivalom \u017eeli ostati na vrhu tabele.<\/strong><\/p>\n<p>Prema Musemi\u0107evim rije\u010dima, protivnici se odli\u010dno poznaju, tako da bi derbi mogao odlu\u010diti detalj, kao \u0161to je gre\u0161ka ili ne\u010diji vanserijski potez.<\/p>\n<p><strong>\u201cOvaj derbi do\u010dekujemo u dobroj atmosferi, i zbog pozicije na tabeli i bodovno. Atmosfera u ekipi je dobra. Imamo \u0161iri izbor igra\u010da u odnosu na prethodne utakmice. Sve nam nekako ide na ruku. Ovaj poraz \u017deljezni\u010dara protiv \u0160irokog ne\u0107e nas zavarati\u201c, <\/strong>kazao je Musemi\u0107 i dodao:<\/p>\n<p><strong>\u201cSigurno je da \u0107emo dati sve od sebe i da \u0107emo se potruditi da odigramo \u0161to bolje. Znaju\u0107i da sa pobjedom mo\u017eemo oti\u0107i na zimsku pauzu u dobrom raspolo\u017eenju i analizirati sve dobre i lo\u0161e strane u prvom dijelu.\u201c<\/strong><\/p>\n<p>Kada je rije\u010d o \u017deljezni\u010daru i tome \u0161ta se promijenilo u odnosu na prethodni prvenstveni derbi, kada je \u201cbordo\u201c tim pora\u017een sa 2:5, Musemi\u0107 isti\u010de da se promijenio jedan veoma va\u017ean detalj.<\/p>\n<p><strong>\u201cOni nisu puno mijenjali sastav, jedini novi igra\u010d je Semir \u0160tili\u0107, koji ima kvalitet. Lucidan je i u svakom trenutku mo\u017ee napraviti potez koji niko ne mo\u017ee predvidjeti. To je jedina novina u &#8216;\u017delji&#8217; u odnosu na prethodni derbi\u201c<\/strong>, pojasnio je Musemi\u0107.<\/p>\n<p>\u0160ef struke \u201cbordo\u201c tima nije krio da bi bio zadovoljan i remijem, uz konstataciju da ako ne mo\u017ee\u0161 pobijediti, onda je bolje odigrati nerije\u0161eno.<\/p>\n<p><strong>\u201cMoramo biti pametni, disciplinovani, ne \u017eele\u0107i igrati utakmicu da se revan\u0161iramo &#8216;\u017delji&#8217;. To je iza nas, bodove ne mo\u017eemo vratiti, sada imamo priliku da osvojimo nove bodove i o tome trebamo razmi\u0161ljati\u201c<\/strong>, istakao je Musemi\u0107.<\/p>\n<p><img decoding=\"async\" src=\"https:\/\/ba.n1info.com\/Picture\/274980\/jpeg\/20191129_2_39584703_49913400.jpg\" alt=\"\" \/><\/p>\n<p>Krste Velkovski, kapiten lidera i aktuelnog \u0161ampiona Premijer lige BiH kazao je da su u ekipi svjesni kakva ih utakmica o\u010dekuje i da su izuzetno motivisani.<\/p>\n<p><strong>\u201cSvi smo spremni, jedva \u010dekamo utakmicu. Ku\u0107i imamo pozitivan skor od osam pobjeda i u derbiju \u017eelimo to da nastavimo\u201c<\/strong>, rekao je Velkovski i osvrnuo se na poraz 2:5 na Grbavici:<\/p>\n<p><strong>\u201cTaj poraz ne uti\u010de previ\u0161e. Mi smo na prvoj poziciji. Uti\u010de to \u0161to smo pro\u0161lu utakmicu dobili 2:1 u Mostaru i ovu utakmicu \u010dekamo u odli\u010dnoj atmosferi. Znamo da smo prvi i tu \u017eelimo da ostanemo, a \u0161ta je bilo ostaje iza nas.\u201c<\/strong><\/p>\n<p>Prema mi\u0161ljenju Velkovskog prednost Sarajeva u 120. prvenstvenom derbiju mogao bi biti doma\u0107in teren i \u010dinjenica da su nakon dugo vremena kompletni.<\/p>\n<p>\u017deljezni\u010dar i Sarajevo su do sada odigrali 139. takmi\u010darskih utakmica, a u subotu \u0107e igrati 120. prvenstveni derbi. Do sada \u201c\u017deljo\u201c je upisao 36 prvenstvenih pobjeda, Sarajevo 34, a 49 utakmica zavr\u0161eno je nerije\u0161eno.<\/p>\n<p>Gol razlika je na strani \u201cbordo\u201d tima, 136:135.<\/p>\n<p><img decoding=\"async\" src=\"https:\/\/ba.n1info.com\/Picture\/274981\/jpeg\/20191129_2_39584703_49913397.jpg\" alt=\"\" \/><\/p>\n<p>Vrijedi spomenuti da su u istoriju sarajevskog derbija u prvenstvu upisani Asim Ferhatovi\u0107 i D\u017eelaludin Muhamerovi\u0107, kao najbolji strijelci sa po \u0161est golova.<\/p>\n<p>Utakmica 18. kola Premijer lige BiH izme\u0111u sarajevskih rivala igra\u0107e se u subotu na stadionu \u201cAsim Ferhatovi\u0107 Hase\u201c sa po\u010detkom u 16 sati. Sarajevo je lider na tabeli sa 35 bodova, dok je \u017deljezni\u010dar na drugom mjestu sa tri boda manje.<\/p>\n","protected":false},"excerpt":{"rendered":"<p>Husref Musemi\u0107, trener fudbalera Sarajeva, uo\u010di 120. prvenstvenog vje\u010ditog derbija protiv \u017deljezni\u010dara naglasio je da njegov tim nakon duela sa najve\u0107im rivalom \u017eeli ostati na vrhu tabele. Prema Musemi\u0107evim rije\u010dima, protivnici se odli\u010dno poznaju, tako da bi derbi mogao odlu\u010diti detalj, kao \u0161to je gre\u0161ka ili ne\u010diji vanserijski potez. \u201cOvaj derbi do\u010dekujemo u dobroj atmosferi, [&hellip;]<\/p>\n","protected":false},"author":59,"featured_media":15802,"comment_status":"open","ping_status":"closed","sticky":false,"template":"","format":"standard","meta":{"inline_featured_image":false,"footnotes":""},"categories":[62,61],"tags":[],"class_list":{"0":"post-15801","1":"post","2":"type-post","3":"status-publish","4":"format-standard","5":"has-post-thumbnail","7":"category-nogomet","8":"category-sport"},"acf":[],"_links":{"self":[{"href":"https:\/\/tvsensor.com\/api\/wp\/v2\/posts\/15801","targetHints":{"allow":["GET"]}}],"collection":[{"href":"https:\/\/tvsensor.com\/api\/wp\/v2\/posts"}],"about":[{"href":"https:\/\/tvsensor.com\/api\/wp\/v2\/types\/post"}],"author":[{"embeddable":true,"href":"https:\/\/tvsensor.com\/api\/wp\/v2\/users\/59"}],"replies":[{"embeddable":true,"href":"https:\/\/tvsensor.com\/api\/wp\/v2\/comments?post=15801"}],"version-history":[{"count":2,"href":"https:\/\/tvsensor.com\/api\/wp\/v2\/posts\/15801\/revisions"}],"predecessor-version":[{"id":15804,"href":"https:\/\/tvsensor.com\/api\/wp\/v2\/posts\/15801\/revisions\/15804"}],"wp:featuredmedia":[{"embeddable":true,"href":"https:\/\/tvsensor.com\/api\/wp\/v2\/media\/15802"}],"wp:attachment":[{"href":"https:\/\/tvsensor.com\/api\/wp\/v2\/media?parent=15801"}],"wp:term":[{"taxonomy":"category","embeddable":true,"href":"https:\/\/tvsensor.com\/api\/wp\/v2\/categories?post=15801"},{"taxonomy":"post_tag","embeddable":true,"href":"https:\/\/tvsensor.com\/api\/wp\/v2\/tags?post=15801"}],"curies":[{"name":"wp","href":"https:\/\/api.w.org\/{rel}","templated":true}]}}