{"id":15787,"date":"2019-11-28T14:11:43","date_gmt":"2019-11-28T13:11:43","guid":{"rendered":"https:\/\/senzor.ba\/?p=15787"},"modified":"2024-01-15T21:43:51","modified_gmt":"2024-01-15T20:43:51","slug":"vise-stanovnika-bih-zivi-van-drzave-nego-u-njoj","status":"publish","type":"post","link":"https:\/\/tvsensor.com\/clanak\/vise-stanovnika-bih-zivi-van-drzave-nego-u-njoj\/","title":{"rendered":"Vi\u0161e stanovnika BiH \u017eivi van dr\u017eave nego u njoj"},"content":{"rendered":"<p>Prema podacima Ministarstva za ljudska prava i izbjeglice BiH, van BiH \u017eivi oko dva miliona ljudi, \u0161to je 56,6 posto u odnosu na ukupan broj stanovnika u BiH. Najve\u0107i broj ljudi porijeklom iz BiH \u017eivi u evropskim zemljama (vi\u0161e od 80%), SAD-u i Kanadi (oko 16%) i Australiji (oko 2,5%), navedeno je u izvje\u0161taju, prenosi Klix.<\/p>\n<p>Vije\u0107e ministara BiH je jo\u0161 2012. izdalo preporuku svim institucijama u BiH da pri izradi strate\u0161kih dokumenata i drugih propisa uzmu u obzir razvojne resurse iseljeni\u0161tva, kako finansijske (nov\u010dane doznake, \u0161tednju, investicije) tako i ljudske resurse, a prije godinu je urgirano da se poduzmu aktivnosti na sistemskom ure\u0111enju prijenosa znanja iz iseljeni\u0161tva u BiH.<\/p>\n","protected":false},"excerpt":{"rendered":"<p>Prema podacima Ministarstva za ljudska prava i izbjeglice BiH, van BiH \u017eivi oko dva miliona ljudi, \u0161to je 56,6 posto u odnosu na ukupan broj stanovnika u BiH. Najve\u0107i broj ljudi porijeklom iz BiH \u017eivi u evropskim zemljama (vi\u0161e od 80%), SAD-u i Kanadi (oko 16%) i Australiji (oko 2,5%), navedeno je u izvje\u0161taju, prenosi [&hellip;]<\/p>\n","protected":false},"author":59,"featured_media":15788,"comment_status":"open","ping_status":"closed","sticky":false,"template":"","format":"standard","meta":{"inline_featured_image":false,"footnotes":""},"categories":[39],"tags":[],"class_list":{"0":"post-15787","1":"post","2":"type-post","3":"status-publish","4":"format-standard","5":"has-post-thumbnail","7":"category-dijaspora"},"acf":[],"_links":{"self":[{"href":"https:\/\/tvsensor.com\/api\/wp\/v2\/posts\/15787","targetHints":{"allow":["GET"]}}],"collection":[{"href":"https:\/\/tvsensor.com\/api\/wp\/v2\/posts"}],"about":[{"href":"https:\/\/tvsensor.com\/api\/wp\/v2\/types\/post"}],"author":[{"embeddable":true,"href":"https:\/\/tvsensor.com\/api\/wp\/v2\/users\/59"}],"replies":[{"embeddable":true,"href":"https:\/\/tvsensor.com\/api\/wp\/v2\/comments?post=15787"}],"version-history":[{"count":1,"href":"https:\/\/tvsensor.com\/api\/wp\/v2\/posts\/15787\/revisions"}],"predecessor-version":[{"id":15789,"href":"https:\/\/tvsensor.com\/api\/wp\/v2\/posts\/15787\/revisions\/15789"}],"wp:featuredmedia":[{"embeddable":true,"href":"https:\/\/tvsensor.com\/api\/wp\/v2\/media\/15788"}],"wp:attachment":[{"href":"https:\/\/tvsensor.com\/api\/wp\/v2\/media?parent=15787"}],"wp:term":[{"taxonomy":"category","embeddable":true,"href":"https:\/\/tvsensor.com\/api\/wp\/v2\/categories?post=15787"},{"taxonomy":"post_tag","embeddable":true,"href":"https:\/\/tvsensor.com\/api\/wp\/v2\/tags?post=15787"}],"curies":[{"name":"wp","href":"https:\/\/api.w.org\/{rel}","templated":true}]}}