{"id":15541,"date":"2019-11-25T10:03:34","date_gmt":"2019-11-25T09:03:34","guid":{"rendered":"https:\/\/senzor.ba\/?p=15541"},"modified":"2024-01-15T21:44:00","modified_gmt":"2024-01-15T20:44:00","slug":"dan-drzavnosti-bih-predstavnici-svih-nivoa-vlasti-polozili-cvijece-kod-vjecne-vatre","status":"publish","type":"post","link":"https:\/\/tvsensor.com\/clanak\/dan-drzavnosti-bih-predstavnici-svih-nivoa-vlasti-polozili-cvijece-kod-vjecne-vatre\/","title":{"rendered":"Dan dr\u017eavnosti BiH: Predstavnici svih nivoa vlasti polo\u017eili cvije\u0107e kod Vje\u010dne vatre"},"content":{"rendered":"<p>Obilje\u017eavanje Dana dr\u017eavnosti nastavilo se polaganjem cvije\u0107a ispred Vje\u010dne vatre, gdje je \u010dlan Predsjedni\u0161tva BiH<strong>\u00a0\u0160efik D\u017eaferovi\u0107<\/strong>, te gradona\u010delnik Sarajeva\u00a0<strong>Abdulah Skaka<\/strong>, kao i brojne druge osobe iz politi\u010dkog \u017eivota Kantona Sarajevo, Grada Sarajevo i BiH, polo\u017eili cvije\u0107e i odali po\u010dast.<\/p>\n<p>Nakon polaganja cvije\u0107a kod Vje\u010dne vatre, delegacije su se zaputile prema \u0161ehidskom mezarju na Kova\u010dima, gdje je tako\u0111er predvi\u0111eno odavanje po\u010dasti poginulim braniteljima Bosne i Hercegovine, spomen obilje\u017eje djeci opkoljenog Sarajeva i spomen-park &#8220;Vraca&#8221;.<\/p>\n","protected":false},"excerpt":{"rendered":"<p>Obilje\u017eavanje Dana dr\u017eavnosti nastavilo se polaganjem cvije\u0107a ispred Vje\u010dne vatre, gdje je \u010dlan Predsjedni\u0161tva BiH\u00a0\u0160efik D\u017eaferovi\u0107, te gradona\u010delnik Sarajeva\u00a0Abdulah Skaka, kao i brojne druge osobe iz politi\u010dkog \u017eivota Kantona Sarajevo, Grada Sarajevo i BiH, polo\u017eili cvije\u0107e i odali po\u010dast. Nakon polaganja cvije\u0107a kod Vje\u010dne vatre, delegacije su se zaputile prema \u0161ehidskom mezarju na Kova\u010dima, gdje [&hellip;]<\/p>\n","protected":false},"author":59,"featured_media":15542,"comment_status":"open","ping_status":"closed","sticky":false,"template":"","format":"standard","meta":{"inline_featured_image":false,"footnotes":""},"categories":[284],"tags":[],"class_list":{"0":"post-15541","1":"post","2":"type-post","3":"status-publish","4":"format-standard","5":"has-post-thumbnail","7":"category-izdvojeno"},"acf":[],"_links":{"self":[{"href":"https:\/\/tvsensor.com\/api\/wp\/v2\/posts\/15541","targetHints":{"allow":["GET"]}}],"collection":[{"href":"https:\/\/tvsensor.com\/api\/wp\/v2\/posts"}],"about":[{"href":"https:\/\/tvsensor.com\/api\/wp\/v2\/types\/post"}],"author":[{"embeddable":true,"href":"https:\/\/tvsensor.com\/api\/wp\/v2\/users\/59"}],"replies":[{"embeddable":true,"href":"https:\/\/tvsensor.com\/api\/wp\/v2\/comments?post=15541"}],"version-history":[{"count":1,"href":"https:\/\/tvsensor.com\/api\/wp\/v2\/posts\/15541\/revisions"}],"predecessor-version":[{"id":15543,"href":"https:\/\/tvsensor.com\/api\/wp\/v2\/posts\/15541\/revisions\/15543"}],"wp:featuredmedia":[{"embeddable":true,"href":"https:\/\/tvsensor.com\/api\/wp\/v2\/media\/15542"}],"wp:attachment":[{"href":"https:\/\/tvsensor.com\/api\/wp\/v2\/media?parent=15541"}],"wp:term":[{"taxonomy":"category","embeddable":true,"href":"https:\/\/tvsensor.com\/api\/wp\/v2\/categories?post=15541"},{"taxonomy":"post_tag","embeddable":true,"href":"https:\/\/tvsensor.com\/api\/wp\/v2\/tags?post=15541"}],"curies":[{"name":"wp","href":"https:\/\/api.w.org\/{rel}","templated":true}]}}