{"id":15460,"date":"2019-11-23T11:18:23","date_gmt":"2019-11-23T10:18:23","guid":{"rendered":"https:\/\/senzor.ba\/?p=15460"},"modified":"2024-01-15T21:44:03","modified_gmt":"2024-01-15T20:44:03","slug":"zasto-volim-bosnu-i-hercegovinu-a-zasto-je-vi-volite","status":"publish","type":"post","link":"https:\/\/tvsensor.com\/clanak\/zasto-volim-bosnu-i-hercegovinu-a-zasto-je-vi-volite\/","title":{"rendered":"Za\u0161to volim Bosnu i Hercegovinu: A, za\u0161to je vi volite?"},"content":{"rendered":"<p>To su vrlo sna\u017ene emocije, koje su nekada zasnovane na racionalnim razlozima, a nekada i nije ba\u0161 tako.<\/p>\n<div class=\"td-post-featured-image\">\n<p>To \u0161to osje\u0107am prema Bosni i Hercegovini sli\u010di osje\u0107ajima kakve imam prema svojoj porodici, prema svojoj majci i svome ocu, prema svojoj bra\u0107i, prema svojoj supruzi, prema svojoj djeci.<\/p>\n<p>Bosnu i Hercegovinu volim i tako, a volim je i druga\u010dije.<\/p>\n<p><img decoding=\"async\" src=\"https:\/\/static.hayat.ba\/2019\/11\/zastave-bih1-1024x683.jpg\" \/><\/p>\n<p>Volim Bosnu i Hercegovinu kao i ve\u0107ina drugih Bosanaca i Hercegovaca, jer sam u njoj ro\u0111en, jer mi je ona prva kolijevka, volim je jer su svi moji u njoj ro\u0111eni. Ali ne volim je samo zbog toga.<\/p>\n<p>Nije to samo naslije\u0111ena ljubav, ljubav iz moranja.<\/p>\n<p>Ja Bosnu i Hercegovinu volim i zato \u0161to me osvojila. Volim je jer se budim pogledom uperenim u njene ljepote. Volim je jer o\u010darava. Ko je ikada pro\u0161ao kanjonom Neretve ili Rakitnice, ko je barem jednom svratio do Bune, ko je gledao u Kravice, koga je pogledala Una \u2013 zna o \u010demu govorim.<\/p>\n<p>Volim domovinu jer je sna\u017ena. Ko je hodio Prenjem i \u010cvrsnicom, Igmanom i Bjela\u0161nicom, Jahorinom i Treskavicom, Magli\u0107em ili Vele\u017eom \u2013 zna.<\/p>\n<p>Volim je zato \u0161to nije mnogo velika, ali nikada nije bila tijesna. Svi su u njoj uvijek imali mjesta. Pa i kad su se zbog nje sva\u0111ali i tukli \u2013 ona je ostajala pitoma i blaga, \u0161iroka.<\/p>\n<p>Ja u sebi ljubav prema Bosni i Hercegovini ne mogu vidjeti.<\/p>\n<p>Ali je vidim na mnogo drugih mjesta.<\/p>\n<p>Vidim je u blagim no\u0107ima pod njenim sigurnim nebeskim svodom.<\/p>\n<p>Vidim je u dugim i mirnim poljima, u klisurama, u vrelima, izvorima i brzacima njenih rijeka.<\/p>\n<p><img decoding=\"async\" src=\"https:\/\/static.hayat.ba\/2019\/11\/zastave-bih3-1024x768.jpeg\" \/><\/p>\n<p>Vidim je u djelima Kulenovi\u0107a i Dizdara, Dimitrijevi\u0107a i Zeca, Me\u0161e i Andri\u0107a, Berbera i Mujezinovi\u0107a, Ibri\u0161imovi\u0107a i \u0160anti\u0107a\u2026<\/p>\n<p>Nekako je vidim i u te\u0161kim, slikovitim, a sna\u017enim rukama djedova, u naninom naboranom licu \u0161amijom uokvirenom.<\/p>\n<p>Ja je vidim i na pocrnjelom licu osmijehom ozarenim onih koji iz utrobe njene iza\u0111u.<\/p>\n<p>Osjetim tu ljubav i kad je drugi hvale, kad je po dobru i lijepom spomenu, a meni se srce ispuni.<\/p>\n<p>Zbog svega nabrojanog je volim. Ali ne samo zbog toga.<\/p>\n<\/div>\n","protected":false},"excerpt":{"rendered":"<p>To su vrlo sna\u017ene emocije, koje su nekada zasnovane na racionalnim razlozima, a nekada i nije ba\u0161 tako. To \u0161to osje\u0107am prema Bosni i Hercegovini sli\u010di osje\u0107ajima kakve imam prema svojoj porodici, prema svojoj majci i svome ocu, prema svojoj bra\u0107i, prema svojoj supruzi, prema svojoj djeci. Bosnu i Hercegovinu volim i tako, a volim [&hellip;]<\/p>\n","protected":false},"author":59,"featured_media":15461,"comment_status":"open","ping_status":"closed","sticky":false,"template":"","format":"standard","meta":{"inline_featured_image":false,"footnotes":""},"categories":[284],"tags":[],"class_list":{"0":"post-15460","1":"post","2":"type-post","3":"status-publish","4":"format-standard","5":"has-post-thumbnail","7":"category-izdvojeno"},"acf":[],"_links":{"self":[{"href":"https:\/\/tvsensor.com\/api\/wp\/v2\/posts\/15460","targetHints":{"allow":["GET"]}}],"collection":[{"href":"https:\/\/tvsensor.com\/api\/wp\/v2\/posts"}],"about":[{"href":"https:\/\/tvsensor.com\/api\/wp\/v2\/types\/post"}],"author":[{"embeddable":true,"href":"https:\/\/tvsensor.com\/api\/wp\/v2\/users\/59"}],"replies":[{"embeddable":true,"href":"https:\/\/tvsensor.com\/api\/wp\/v2\/comments?post=15460"}],"version-history":[{"count":1,"href":"https:\/\/tvsensor.com\/api\/wp\/v2\/posts\/15460\/revisions"}],"predecessor-version":[{"id":15463,"href":"https:\/\/tvsensor.com\/api\/wp\/v2\/posts\/15460\/revisions\/15463"}],"wp:featuredmedia":[{"embeddable":true,"href":"https:\/\/tvsensor.com\/api\/wp\/v2\/media\/15461"}],"wp:attachment":[{"href":"https:\/\/tvsensor.com\/api\/wp\/v2\/media?parent=15460"}],"wp:term":[{"taxonomy":"category","embeddable":true,"href":"https:\/\/tvsensor.com\/api\/wp\/v2\/categories?post=15460"},{"taxonomy":"post_tag","embeddable":true,"href":"https:\/\/tvsensor.com\/api\/wp\/v2\/tags?post=15460"}],"curies":[{"name":"wp","href":"https:\/\/api.w.org\/{rel}","templated":true}]}}