{"id":15449,"date":"2019-11-23T11:11:09","date_gmt":"2019-11-23T10:11:09","guid":{"rendered":"https:\/\/senzor.ba\/?p=15449"},"modified":"2024-01-15T21:44:03","modified_gmt":"2024-01-15T20:44:03","slug":"izetbegovic-uputio-cestitku-za-dan-drzavnosti-nastavimo-afirmisati-zajednistvo-i-ravnopravnost","status":"publish","type":"post","link":"https:\/\/tvsensor.com\/clanak\/izetbegovic-uputio-cestitku-za-dan-drzavnosti-nastavimo-afirmisati-zajednistvo-i-ravnopravnost\/","title":{"rendered":"Izetbegovi\u0107 uputio \u010destitku za Dan dr\u017eavnosti: Nastavimo afirmisati zajedni\u0161tvo i ravnopravnost"},"content":{"rendered":"<ul>\n<li>Svaki Dan dr\u017eavnosti prilika je da se s du\u017enim po\u0161tovanjem i osje\u0107ajem zahvalnosti prisjetimo hrabre generacije bh. patriota koja se suprotstavila fa\u0161isti\u010dkom zlu i istovremeno uspjela da sa\u010duva teritorijalni integritet na\u0161e domovine i obnovi njenu dr\u017eavnost \u2013 poru\u010dio je Izetbegovi\u0107.<\/li>\n<\/ul>\n<p>Predsjednik SDA podsje\u0107a da princip ravnopravnosti svih naroda i gra\u0111ana, koji je tada uspostavljen na Prvom zasjedanju ZAVNOBIH-a u Mrkonji\u0107 Gradu, ostaje trajno opredjeljenje i klju\u010d za funkcioniranje i napredak BiH.<\/p>\n<p>\u2013 I ovog 25. novembra s posebnim pijetetom se trebamo prisjetiti svih bh. patriota koji su u Drugom svjetskom ratu i tokom posljednje agresije polo\u017eili \u017eivote u borbi za BiH i takve principe. Njihova \u017ertva treba da nam bude trajni podstrek da nastavimo afirmisati zajedni\u0161tvo i ravnopravnost, jer je to jedini put za izgradnju demokratske, uspje\u0161ne i funkcionalne BiH, po mjeri svih njenih naroda i gra\u0111ana \u2013 navodi se u Izetbegovi\u0107evoj \u010destitki.<\/p>\n","protected":false},"excerpt":{"rendered":"<p>Svaki Dan dr\u017eavnosti prilika je da se s du\u017enim po\u0161tovanjem i osje\u0107ajem zahvalnosti prisjetimo hrabre generacije bh. patriota koja se suprotstavila fa\u0161isti\u010dkom zlu i istovremeno uspjela da sa\u010duva teritorijalni integritet na\u0161e domovine i obnovi njenu dr\u017eavnost \u2013 poru\u010dio je Izetbegovi\u0107. Predsjednik SDA podsje\u0107a da princip ravnopravnosti svih naroda i gra\u0111ana, koji je tada uspostavljen na [&hellip;]<\/p>\n","protected":false},"author":59,"featured_media":15454,"comment_status":"open","ping_status":"closed","sticky":false,"template":"","format":"standard","meta":{"inline_featured_image":false,"footnotes":""},"categories":[38],"tags":[],"class_list":{"0":"post-15449","1":"post","2":"type-post","3":"status-publish","4":"format-standard","5":"has-post-thumbnail","7":"category-vijesti-iz-bih"},"acf":[],"_links":{"self":[{"href":"https:\/\/tvsensor.com\/api\/wp\/v2\/posts\/15449","targetHints":{"allow":["GET"]}}],"collection":[{"href":"https:\/\/tvsensor.com\/api\/wp\/v2\/posts"}],"about":[{"href":"https:\/\/tvsensor.com\/api\/wp\/v2\/types\/post"}],"author":[{"embeddable":true,"href":"https:\/\/tvsensor.com\/api\/wp\/v2\/users\/59"}],"replies":[{"embeddable":true,"href":"https:\/\/tvsensor.com\/api\/wp\/v2\/comments?post=15449"}],"version-history":[{"count":2,"href":"https:\/\/tvsensor.com\/api\/wp\/v2\/posts\/15449\/revisions"}],"predecessor-version":[{"id":15457,"href":"https:\/\/tvsensor.com\/api\/wp\/v2\/posts\/15449\/revisions\/15457"}],"wp:featuredmedia":[{"embeddable":true,"href":"https:\/\/tvsensor.com\/api\/wp\/v2\/media\/15454"}],"wp:attachment":[{"href":"https:\/\/tvsensor.com\/api\/wp\/v2\/media?parent=15449"}],"wp:term":[{"taxonomy":"category","embeddable":true,"href":"https:\/\/tvsensor.com\/api\/wp\/v2\/categories?post=15449"},{"taxonomy":"post_tag","embeddable":true,"href":"https:\/\/tvsensor.com\/api\/wp\/v2\/tags?post=15449"}],"curies":[{"name":"wp","href":"https:\/\/api.w.org\/{rel}","templated":true}]}}