{"id":15438,"date":"2019-11-23T10:41:04","date_gmt":"2019-11-23T09:41:04","guid":{"rendered":"https:\/\/senzor.ba\/?p=15438"},"modified":"2024-01-15T21:44:04","modified_gmt":"2024-01-15T20:44:04","slug":"amina-smajlovic-bolesna-nadin-me-pitala-mama-jesam-li-ja-kriva","status":"publish","type":"post","link":"https:\/\/tvsensor.com\/clanak\/amina-smajlovic-bolesna-nadin-me-pitala-mama-jesam-li-ja-kriva\/","title":{"rendered":"Amina Smajlovi\u0107: Bolesna Nadin me pitala: Mama, jesam li ja kriva?"},"content":{"rendered":"<p>Amina i Denis Smajlovi\u0107, roditelji bolesne djevoj\u010dice gostovali su u emisiji \u2018Centralni dnevnik sa Senadom Had\u017eifjezovi\u0107em\u2019 na Face TV-u i tom prilikom otvoreno pred kamerama iznijeli su svoju pri\u010du o svemu \u0161to ima se de\u0161eva u vezi sa lije\u010denjem bolesne k\u0107erke Nadin Smajlovi\u0107.<\/p>\n<p>Tajni pacijent je operisan, ja treba da govorim ko je? Krilo bolnice je zatvoreno, svi znaju ko je operisan! Ugra\u0111uje se botoks i silikon,operi\u0161u klempave u\u0161i, a mom djetetu lijeka ne daju! Meni \u0161alju poruke, a u bolnici \u0161ute!<\/p>\n<p>Ne pla\u0161im se otkaza! Mi smo ovdje zbog druge djece, mi smo se za svoje dijete nekako izborili! Mi smo platili lije\u010denje, digli smo kredit !<\/p>\n<p>Generalna direktorica tra\u017ei drugo mi\u0161ljenje o svojoj bolesti, a nama ne dozvoljava! Iz o\u010daja sam uzeo pi\u0161tolj, gasni\u2026kajem se, to nije na\u010din\u2026<\/p>\n<p>Bolesna Nadin me pitala: Mama, jesam li ja kriva? Nisu ni vidjeli moju djevoj\u010dicu jer su bili u Kataru!<\/p>\n<p>Nije ta\u010dno da su mi dali bolovanje zbog bolesne djevoj\u010dice, bila sam na trudni\u010dkom bolovanju zbog tre\u0107eg djeteta, la\u017eu!<\/p>\n<p>Nisam istjerana \u201892 godine, moj otac je dao \u017eivot, ne\u0107e me otjerati ni sada!<\/p>\n","protected":false},"excerpt":{"rendered":"<p>Amina i Denis Smajlovi\u0107, roditelji bolesne djevoj\u010dice gostovali su u emisiji \u2018Centralni dnevnik sa Senadom Had\u017eifjezovi\u0107em\u2019 na Face TV-u i tom prilikom otvoreno pred kamerama iznijeli su svoju pri\u010du o svemu \u0161to ima se de\u0161eva u vezi sa lije\u010denjem bolesne k\u0107erke Nadin Smajlovi\u0107. Tajni pacijent je operisan, ja treba da govorim ko je? Krilo bolnice [&hellip;]<\/p>\n","protected":false},"author":59,"featured_media":15441,"comment_status":"open","ping_status":"closed","sticky":false,"template":"","format":"standard","meta":{"inline_featured_image":false,"footnotes":""},"categories":[43],"tags":[],"class_list":{"0":"post-15438","1":"post","2":"type-post","3":"status-publish","4":"format-standard","5":"has-post-thumbnail","7":"category-bih"},"acf":[],"_links":{"self":[{"href":"https:\/\/tvsensor.com\/api\/wp\/v2\/posts\/15438","targetHints":{"allow":["GET"]}}],"collection":[{"href":"https:\/\/tvsensor.com\/api\/wp\/v2\/posts"}],"about":[{"href":"https:\/\/tvsensor.com\/api\/wp\/v2\/types\/post"}],"author":[{"embeddable":true,"href":"https:\/\/tvsensor.com\/api\/wp\/v2\/users\/59"}],"replies":[{"embeddable":true,"href":"https:\/\/tvsensor.com\/api\/wp\/v2\/comments?post=15438"}],"version-history":[{"count":1,"href":"https:\/\/tvsensor.com\/api\/wp\/v2\/posts\/15438\/revisions"}],"predecessor-version":[{"id":15439,"href":"https:\/\/tvsensor.com\/api\/wp\/v2\/posts\/15438\/revisions\/15439"}],"wp:featuredmedia":[{"embeddable":true,"href":"https:\/\/tvsensor.com\/api\/wp\/v2\/media\/15441"}],"wp:attachment":[{"href":"https:\/\/tvsensor.com\/api\/wp\/v2\/media?parent=15438"}],"wp:term":[{"taxonomy":"category","embeddable":true,"href":"https:\/\/tvsensor.com\/api\/wp\/v2\/categories?post=15438"},{"taxonomy":"post_tag","embeddable":true,"href":"https:\/\/tvsensor.com\/api\/wp\/v2\/tags?post=15438"}],"curies":[{"name":"wp","href":"https:\/\/api.w.org\/{rel}","templated":true}]}}