{"id":15435,"date":"2019-11-23T10:36:19","date_gmt":"2019-11-23T09:36:19","guid":{"rendered":"https:\/\/senzor.ba\/?p=15435"},"modified":"2024-01-15T21:44:04","modified_gmt":"2024-01-15T20:44:04","slug":"njemacki-spiegel-ohladio-dodika-bosna-i-hercegovina-ide-u-nato","status":"publish","type":"post","link":"https:\/\/tvsensor.com\/clanak\/njemacki-spiegel-ohladio-dodika-bosna-i-hercegovina-ide-u-nato\/","title":{"rendered":"Njema\u010dki Spiegel ohladio Dodika: Bosna i Hercegovina ide u NATO\u2026"},"content":{"rendered":"<p>Borba je trajala 13 mjeseci, ali Bosna i Hercegovina \u0107e uskoro imati novu vladu: tro\u010dlano dr\u017eavno Predsjedni\u0161tvo je u utorak povjerilo bosanskom Srbinu Zoranu Tegeltiji zadatak da formira novi kabinet.<\/p>\n<p>Tegeltija dolazi iz SNSD-a, Milorada Dodika, koji je od izbora u oktobru 2018. godine \u010dlan Predsjedni\u0161tva dr\u017eave i odre\u0111uje politiku u srpskom dijelu Bosne, Republici Srpskoj (RS). Tamo je Tegeltija ranije bio ministar finansija.<\/p>\n<p>Formiranje vlade bilo je posebno dugotrajno jer su se politi\u010dke snage u RS-u protivile potpisivanju programa rada s NATO-om kojim bi Bosna bila uvedena u Sjevernoatlantski savez. Bo\u0161nja\u010dke i hrvatske stranke u toj balkanskoj zemlji manje-vi\u0161e podijeljenoj izme\u0111u tri etni\u010dke grupe, zala\u017eu se za budu\u0107e pristupanja NATO-u.<\/p>\n<p>\u010cini se da je usvajanje NATO-ovog programa rada sada zape\u010da\u0107eno imenovanjem Tegeltije. Proruski Dodik, iz \u010dije stranke dolazi imenovani \u0161ef vlade, o\u010dito je morao odustati od pru\u017eanja otpora.<\/p>\n<p>Tro\u010dlano predsjedni\u0161tvo je istog dana primilo ambasadore nekoliko zemalja NATO-a, uklju\u010dujuc\u0301i Njema\u010dku i SAD.<\/p>\n<p>Pored Dodika, tijelo koje djeluje kao kolektivni \u0161ef dr\u017eave \u010dine bo\u0161nja\u010dki musliman \u0160efik D\u017eaferovic\u0301 i Hrvat \u017deljko Kom\u0161ic\u0301.<\/p>\n<p>Od sklapanja mirovnog sporazuma u Dejtonu 1995. godine, Bosna ima vrlo slo\u017eenu strukturu vlasti. Sporazumom je okon\u010dan krvavi trogodi\u0161nji gra\u0111anski rat sa oko 100.000 mrtvih i stotinama hiljada raseljenih. Podjela zemlje na muslimansko-hrvatsku i srpsku polovinu, kao i dalje podjele na kantone sa vlastitim vladama, prijete da stalnom paralizom \u010ditave dr\u017eave, pi\u0161e Spiegel.<\/p>\n<p><img decoding=\"async\" src=\"https:\/\/www.slobodna-bosna.ba\/img\/vijesti\/2019\/11\/uploads\/ff352a0fa679e8fd01bc1092d07df7dd.jpg\" \/><\/p>\n","protected":false},"excerpt":{"rendered":"<p>Borba je trajala 13 mjeseci, ali Bosna i Hercegovina \u0107e uskoro imati novu vladu: tro\u010dlano dr\u017eavno Predsjedni\u0161tvo je u utorak povjerilo bosanskom Srbinu Zoranu Tegeltiji zadatak da formira novi kabinet. Tegeltija dolazi iz SNSD-a, Milorada Dodika, koji je od izbora u oktobru 2018. godine \u010dlan Predsjedni\u0161tva dr\u017eave i odre\u0111uje politiku u srpskom dijelu Bosne, Republici [&hellip;]<\/p>\n","protected":false},"author":59,"featured_media":15436,"comment_status":"open","ping_status":"closed","sticky":false,"template":"","format":"standard","meta":{"inline_featured_image":false,"footnotes":""},"categories":[234],"tags":[],"class_list":{"0":"post-15435","1":"post","2":"type-post","3":"status-publish","4":"format-standard","5":"has-post-thumbnail","7":"category-politika"},"acf":[],"_links":{"self":[{"href":"https:\/\/tvsensor.com\/api\/wp\/v2\/posts\/15435","targetHints":{"allow":["GET"]}}],"collection":[{"href":"https:\/\/tvsensor.com\/api\/wp\/v2\/posts"}],"about":[{"href":"https:\/\/tvsensor.com\/api\/wp\/v2\/types\/post"}],"author":[{"embeddable":true,"href":"https:\/\/tvsensor.com\/api\/wp\/v2\/users\/59"}],"replies":[{"embeddable":true,"href":"https:\/\/tvsensor.com\/api\/wp\/v2\/comments?post=15435"}],"version-history":[{"count":1,"href":"https:\/\/tvsensor.com\/api\/wp\/v2\/posts\/15435\/revisions"}],"predecessor-version":[{"id":15437,"href":"https:\/\/tvsensor.com\/api\/wp\/v2\/posts\/15435\/revisions\/15437"}],"wp:featuredmedia":[{"embeddable":true,"href":"https:\/\/tvsensor.com\/api\/wp\/v2\/media\/15436"}],"wp:attachment":[{"href":"https:\/\/tvsensor.com\/api\/wp\/v2\/media?parent=15435"}],"wp:term":[{"taxonomy":"category","embeddable":true,"href":"https:\/\/tvsensor.com\/api\/wp\/v2\/categories?post=15435"},{"taxonomy":"post_tag","embeddable":true,"href":"https:\/\/tvsensor.com\/api\/wp\/v2\/tags?post=15435"}],"curies":[{"name":"wp","href":"https:\/\/api.w.org\/{rel}","templated":true}]}}