{"id":15427,"date":"2019-11-21T17:30:19","date_gmt":"2019-11-21T16:30:19","guid":{"rendered":"https:\/\/senzor.ba\/?p=15427"},"modified":"2024-01-15T21:44:04","modified_gmt":"2024-01-15T20:44:04","slug":"bogat-program-predstave-izlozbe-i-film-na-ovogodisnjim-danima-zaima-muzaferije-u-visokom","status":"publish","type":"post","link":"https:\/\/tvsensor.com\/clanak\/bogat-program-predstave-izlozbe-i-film-na-ovogodisnjim-danima-zaima-muzaferije-u-visokom\/","title":{"rendered":"BOGAT PROGRAM: Predstave, izlo\u017ebe i film na ovogodi\u0161njim \u201cDanima Zaima Muzaferije\u201d u Visokom"},"content":{"rendered":"<p>Predstave, izlo\u017ebe slika i filmska ostvarenja utkani su u ovogodi\u0161nji program manifestacije, \u010diji je cilj o\u010duvanje sje\u0107anja na istaknutog bh. filmskog, pozori\u0161nog i televizijskog glumca Zaima Muzaferiju.<\/p>\n<p>Rasim Kadi\u0107, predsjednik Udru\u017eenja Ars Tragovi, istakao je na dana\u0161njoj konferenciji za medije u Sarajevu da to udru\u017eenje nastavlja s ponosom \u010duvati uspomenu na viso\u010dkog prepoznatljivog glumca te da manifestacija \u201cDani Zaima Muzaferije\u201d predstavlja krunu jednogodi\u0161njeg rada.<\/p>\n<p>Kadi\u0107 smatra da su Dani ve\u0107 etablirani kao zna\u010dajna kulturna manifestacija koja se u Visokom i\u0161\u010dekuje kao kulturni doga\u0111aj godine, dok umjetnici u njoj \u017eele u\u010destvovati predstavljanjem vlastitog stvarala\u0161tva.<\/p>\n<p>Najavio je da \u0107e ovaj put biti izvedene \u010detiri teatarske predstave, biti postavljene dvije izlo\u017ebe slika te prikazan jedan film.<\/p>\n<p>Kao centralni doga\u0111aj Dana najavio je premijeru predstave Teatra Total iz Visokog \u201cKraj igre\u201d, ra\u0111ene po motivima drame \u201cEnd game\u201d Samuela Becketta, a u re\u017eiji Jasenka Muzaferije, koja \u0107e biti izvedena u Gradskom kinu Visoko.<\/p>\n<p>Od likovnih doga\u0111aja posebno je izdvojio izlo\u017ebu slika Romana Petrovi\u0107a u Zavi\u010dajnom muzeju Visoko, a rije\u010d je o reprezentativnoj postavci \u201cDjeca ulice\u201d iz fundusa Umjetni\u010dke galerije Bosne i Hercegovine.<\/p>\n<p>\u201cSvake godine pripremimo jednu reprezentativnu izlo\u017ebu po kojoj su Dani prepoznatljivi, a nakon predstavljanja, izme\u0111u ostalih, djela Gabrijela Jurki\u0107a i Ismeta Mujezinovi\u0107a, sada je red na Romana Petrovi\u0107a\u201d, podvukao je Kadi\u0107.<\/p>\n<p>Tako\u0111er je ustvrdio da Dani u 16. izdanju prvi put nude i lutkarsku predstavu, a rije\u010d je o komadu \u201cMali Muk\u201d Pozori\u0161ta mladih Sarajevo, koja \u0107e biti izvedena u Kulturnom centru Prijeko-Altindag, a viso\u010dka publika imat \u0107e priliku pogledati i predstavu \u201cSlavna Florens\u201d Kamernog teatra 55 u re\u017eiji Admira Glamo\u010daka, koja \u0107e biti izvedena u Gradskom kinu Visoko.<\/p>\n<p>Kadi\u0107 nagla\u0161ava da \u0107e premijerno biti prikazan dokumentarni film \u201cPljuni u \u0161ake\u201d reditelja Tarika Hod\u017ei\u0107a u Gradskom kinu Visoko, ura\u0111en za Al Jazeera Balkans.<\/p>\n<p>Tu je i izlo\u017eba radova \u201cNa dvije palete\u201d, viso\u010dkih umjetnika Mensuda Be\u010dara i Alije \u0160ahinovi\u0107a, koja \u0107e biti otvorena u Galeriji Likum 76.<\/p>\n<p>Pored spomenutih sadr\u017eaja, Dani donose i predstavu \u201cTaksimetar\u201d po tekstu Gorana Vojnovi\u0107a iz Slovenije, u izvo\u0111enju Adema Smailhod\u017ei\u0107a i Irfana Ribi\u0107a, a bit \u0107e izvedena u Kulturnom centru Prijeko \u2013 Altindag.<\/p>\n<p>Rasim Kadi\u0107 se nada da \u0107e publika u\u017eivati u pripremljenom sadr\u017eaju, a manifestacija potvrditi va\u017eno mjesto na kulturnoj mapi BiH.<\/p>\n<p><em>Izvor: FENA<\/em><\/p>\n","protected":false},"excerpt":{"rendered":"<p>Predstave, izlo\u017ebe slika i filmska ostvarenja utkani su u ovogodi\u0161nji program manifestacije, \u010diji je cilj o\u010duvanje sje\u0107anja na istaknutog bh. filmskog, pozori\u0161nog i televizijskog glumca Zaima Muzaferiju. Rasim Kadi\u0107, predsjednik Udru\u017eenja Ars Tragovi, istakao je na dana\u0161njoj konferenciji za medije u Sarajevu da to udru\u017eenje nastavlja s ponosom \u010duvati uspomenu na viso\u010dkog prepoznatljivog glumca te [&hellip;]<\/p>\n","protected":false},"author":7,"featured_media":15428,"comment_status":"open","ping_status":"closed","sticky":false,"template":"","format":"standard","meta":{"inline_featured_image":false,"footnotes":""},"categories":[46],"tags":[],"class_list":{"0":"post-15427","1":"post","2":"type-post","3":"status-publish","4":"format-standard","5":"has-post-thumbnail","7":"category-kultura"},"acf":[],"_links":{"self":[{"href":"https:\/\/tvsensor.com\/api\/wp\/v2\/posts\/15427","targetHints":{"allow":["GET"]}}],"collection":[{"href":"https:\/\/tvsensor.com\/api\/wp\/v2\/posts"}],"about":[{"href":"https:\/\/tvsensor.com\/api\/wp\/v2\/types\/post"}],"author":[{"embeddable":true,"href":"https:\/\/tvsensor.com\/api\/wp\/v2\/users\/7"}],"replies":[{"embeddable":true,"href":"https:\/\/tvsensor.com\/api\/wp\/v2\/comments?post=15427"}],"version-history":[{"count":1,"href":"https:\/\/tvsensor.com\/api\/wp\/v2\/posts\/15427\/revisions"}],"predecessor-version":[{"id":15429,"href":"https:\/\/tvsensor.com\/api\/wp\/v2\/posts\/15427\/revisions\/15429"}],"wp:featuredmedia":[{"embeddable":true,"href":"https:\/\/tvsensor.com\/api\/wp\/v2\/media\/15428"}],"wp:attachment":[{"href":"https:\/\/tvsensor.com\/api\/wp\/v2\/media?parent=15427"}],"wp:term":[{"taxonomy":"category","embeddable":true,"href":"https:\/\/tvsensor.com\/api\/wp\/v2\/categories?post=15427"},{"taxonomy":"post_tag","embeddable":true,"href":"https:\/\/tvsensor.com\/api\/wp\/v2\/tags?post=15427"}],"curies":[{"name":"wp","href":"https:\/\/api.w.org\/{rel}","templated":true}]}}