{"id":15411,"date":"2019-11-21T12:17:33","date_gmt":"2019-11-21T11:17:33","guid":{"rendered":"https:\/\/senzor.ba\/?p=15411"},"modified":"2024-01-15T21:44:05","modified_gmt":"2024-01-15T20:44:05","slug":"handke-brani-svoju-podrsku-srbiji","status":"publish","type":"post","link":"https:\/\/tvsensor.com\/clanak\/handke-brani-svoju-podrsku-srbiji\/","title":{"rendered":"Handke brani svoju podr\u0161ku Srbiji"},"content":{"rendered":"<p>Austrijski pisac Peter Handke, kontroverzni dobitnik Nobelove nagrade za knji\u017eevnost za 2019. godinu, branio je svoje anga\u017eovanje u korist Srba u vrijeme rata u biv\u0161oj Jugoslaviji i rekao da se nikad nije klanjao pred Slobodanom Milo\u0161evi\u0107em.<\/p>\n<p>&#8220;Ni u jednom trenutku se nisam klanjao (pred Milo\u0161evi\u0107em), ni u sebi, ni otvoreno&#8221;, rekao je\u00a0<a href=\"https:\/\/www.zeit.de\/2019\/48\/peter-handke-literaturnobelpreis-kritik-serbien-interview\" target=\"_blank\" rel=\"noopener noreferrer\">76-godi\u0161nji Austrijanac u intervjuu za list Die Zeit<\/a>, prvi od kada mu je dodijeljena presti\u017ena Nobelova nagrada za knji\u017eevnost u oktobru u kome govori o svom anga\u017eovanju.<\/p>\n<p>&#8220;Vidio sam ga samo jednom, bio je zatvorenik u Haagu&#8221;, rekao je Handke u tom dugom intervjuu vo\u0111enom u Chavilleu, pariskom predgra\u0111u gdje \u017eivi ve\u0107 godinama.<\/p>\n<p>&#8220;\u017delio sam da ga \u010dujem. Advokat biv\u0161eg predsjednika me pitao da li \u017eelim sa njim da razgovaram. Slu\u0161ao sam \u0161ta je on imao da ka\u017ee&#8221;, rekao je Handke.<\/p>\n<p>Upitan o prisustvu na Milo\u0161evi\u0107evoj sahrani 2006. godine, \u0161to je izazvalo skandal, Peter Handke je rekao &#8220;naravno da sam bio tamo. Na jednim od posljednjih glasanja on se izjasnio za to da Jugoslavija ne bude rasturena. Njegov grob je tako\u0111e grob Jugoslavije. Jesmo li zaboravili da je ta dr\u017eava osnovana protiv Hitlerovog Rajha?&#8221;, pitao je on.<\/p>\n<p>Handke je 1996. objavio pamflet &#8220;Pravda za Srbiju&#8221; koji je izazvao veliku polemiku, a 1999. je osudio NATO bombardovanje Srbije.<\/p>\n<p>Dodjela Nobelove nagrade Handkeu izazvala je talas osporavanja, posebno na Balkanu gdje su i dalje duboke ratne rane, navodi AFP. Me\u0111u onima koji osporavaju tu nagradu su pre\u017eivjeli i rodbina stradalih u genocidu u Srebrenici 1995. godine.<\/p>\n<p>\u0160vedska akademija brani svoju odluku o dodjeljivanju Nobelove nagrade za knji\u017eevnost austrijskom piscu, navode\u0107i da je Handke davao provokativne izjave, ali da nije podr\u017eavao krvoproli\u0107e.<\/p>\n<p>Uru\u010denje nagrada bit \u0107e 10. decembra, na dan smrti Alfreda Nobela.<\/p>\n","protected":false},"excerpt":{"rendered":"<p>Austrijski pisac Peter Handke, kontroverzni dobitnik Nobelove nagrade za knji\u017eevnost za 2019. godinu, branio je svoje anga\u017eovanje u korist Srba u vrijeme rata u biv\u0161oj Jugoslaviji i rekao da se nikad nije klanjao pred Slobodanom Milo\u0161evi\u0107em. &#8220;Ni u jednom trenutku se nisam klanjao (pred Milo\u0161evi\u0107em), ni u sebi, ni otvoreno&#8221;, rekao je\u00a076-godi\u0161nji Austrijanac u intervjuu [&hellip;]<\/p>\n","protected":false},"author":59,"featured_media":15412,"comment_status":"open","ping_status":"closed","sticky":false,"template":"","format":"standard","meta":{"inline_featured_image":false,"footnotes":""},"categories":[41],"tags":[],"class_list":{"0":"post-15411","1":"post","2":"type-post","3":"status-publish","4":"format-standard","5":"has-post-thumbnail","7":"category-svijet"},"acf":[],"_links":{"self":[{"href":"https:\/\/tvsensor.com\/api\/wp\/v2\/posts\/15411","targetHints":{"allow":["GET"]}}],"collection":[{"href":"https:\/\/tvsensor.com\/api\/wp\/v2\/posts"}],"about":[{"href":"https:\/\/tvsensor.com\/api\/wp\/v2\/types\/post"}],"author":[{"embeddable":true,"href":"https:\/\/tvsensor.com\/api\/wp\/v2\/users\/59"}],"replies":[{"embeddable":true,"href":"https:\/\/tvsensor.com\/api\/wp\/v2\/comments?post=15411"}],"version-history":[{"count":1,"href":"https:\/\/tvsensor.com\/api\/wp\/v2\/posts\/15411\/revisions"}],"predecessor-version":[{"id":15414,"href":"https:\/\/tvsensor.com\/api\/wp\/v2\/posts\/15411\/revisions\/15414"}],"wp:featuredmedia":[{"embeddable":true,"href":"https:\/\/tvsensor.com\/api\/wp\/v2\/media\/15412"}],"wp:attachment":[{"href":"https:\/\/tvsensor.com\/api\/wp\/v2\/media?parent=15411"}],"wp:term":[{"taxonomy":"category","embeddable":true,"href":"https:\/\/tvsensor.com\/api\/wp\/v2\/categories?post=15411"},{"taxonomy":"post_tag","embeddable":true,"href":"https:\/\/tvsensor.com\/api\/wp\/v2\/tags?post=15411"}],"curies":[{"name":"wp","href":"https:\/\/api.w.org\/{rel}","templated":true}]}}