{"id":15390,"date":"2019-11-21T08:11:50","date_gmt":"2019-11-21T07:11:50","guid":{"rendered":"https:\/\/senzor.ba\/?p=15390"},"modified":"2024-01-15T21:44:05","modified_gmt":"2024-01-15T20:44:05","slug":"rabija-hodzic-fajic-ljepota-glasa-koja-dopire-do-srca-ljudi","status":"publish","type":"post","link":"https:\/\/tvsensor.com\/clanak\/rabija-hodzic-fajic-ljepota-glasa-koja-dopire-do-srca-ljudi\/","title":{"rendered":"Rabija Hod\u017ei\u0107-Faji\u0107, ljepota glasa koja dopire do srca ljudi"},"content":{"rendered":"<p>Rabija je ro\u0111ena 1995. godine u Tuzli.\u00a0 Osnovnu \u0161kolu u Vukovijama Gornjim zavr\u0161ila sa odli\u010dnim uspjehom.\u00a0 Behram-begovu medresu, tako\u0111er zavr\u0161ava kao odli\u010dna u\u010denica. U medresi je bila \u010dlanica hora, botani\u010dke sekcije, prevodila\u010dke sekcije, recitatorske i mnogih drugih. Bila je u\u010desnica raznih manifestacija.<\/p>\n<p>Dobitnica je\u00a0 \u201cZlatne zna\u010dke\u201d kao jedan od najboljih studenata Fakulteta islamskih nauka u Sarajevu, gdje je trenutno student na master programu.<\/p>\n<p>Media centar Islamske zajednice objavio je prvi video-spot za kasidu \u201cYa sin ha mim qaf i nun\u201d koju izvodi Kalesijka Rabija Hod\u017ei\u0107-Faji\u0107. Spot je snimljen krajem 2018. godine na lokaciji Bjela\u0161nice, a kasida je premijerno promovisana u programu radija BIR.<\/p>\n<p>https:\/\/youtube.com\/watch?v=-Cx8rUh3BDM%2520frameborder%3D0%2520allow%3Daccelerometer%3B%2520autoplay%3B%2520encrypted-media%3B%2520gyroscope%3B%2520picture-in-picture%2520allowfullscreen<\/p>\n<p><em>\u201cSre\u0107i i uzbu\u0111enju kraja nema , projekat je bio u realizaciji pune 2 godine. Uz mnogo ulo\u017eenog truda, vremena, i finansija, kona\u010dno se kasida mo\u017ee publikvati u \u0161iru javnost. Ovom prilikom zahvaljujem se mom uva\u017eenom prof. dr. D\u017eemaludinu Lati\u0107u, autoru teksta, zatim Salemu Huri\u0107u, kompozitoru muzike, na\u0161em bosanskohercegova\u010dkom pjeva\u010du Eldinu Huseinbegovi\u0107u na aran\u017emanu, te produkcijskoj ku\u0107i Radio Bir u Sarajevu na izdava\u0161tvu i tehni\u010dkoj podr\u0161ci, sponozoru \u201cNova Ambienta\u201d, i naravno posebno hvala Amiru Muminovi\u0107u, Nedimu Hrbatu, prof. dr. Zehri Alispahi\u0107, mojoj porodici i roditeljima, koji su bili dio ove lijepe pri\u010de. <\/em>\u201c-kazala je Rabija Hod\u017ei\u0107-Faji\u0107.<\/p>\n<p>Premijera njene druge \u00a0kaside \u201eNo\u0107 \u017eelja\u201c \u00a0uprili\u010dena je na VII. festivalu ilahija i kasida odr\u017eanom u Kika\u010dima.<\/p>\n<p>https:\/\/youtube.com\/watch?v=_PSqpDKeqKU%2520frameborder%3D0%2520allow%3Daccelerometer%3B%2520autoplay%3B%2520encrypted-media%3B%2520gyroscope%3B%2520picture-in-picture%2520allowfullscreen<\/p>\n<p><em>\u201cDugo sam razmi\u0161ljala kako kasidu publikovati u \u0161iru javnost, pa sam odlu\u010dila da je predstavim na sedmom festivalu ilahija i kasida koji se svake godine odr\u017eava u Kika\u010dima pod pokroviteljstvom MIZ Kalesija. Naime, bila sam \u010dlanica hora El-Aziz jedno vrijeme neposredno prije udaje. To je u meni budilo mnoga stara iskustva, pro\u017eivljene trenutke sa \u010dlanovima, sjetila sam se na\u0161ih nekada\u0161njih proba i pripremanja za nastupe, raznih ekskurzija, tako da sam po\u017eeljela da se vidim s njima barem na ovom festivalu. Tamo su me do\u010dekala nasmijana lica hora El \u2013 Aziz ba\u0161 kao i prije.. Sretna sam \u0161to sam imala priliku u\u010diti ovu kasidu u Kika\u010dima. Ovom prilikom \u017eelim se zahvaliti svima koji su mi pomogli u ovom projektu, sponzorima, autoru teksta, kompozitoru muzike, aran\u017eeru, d\u017eematu Kika\u010di, i naravno NEON Televiziji koja je bila zadu\u017eena za produkciju.<\/em> \u201d istakla je Rabija Hod\u017ei\u0107-Faji\u0107.<\/p>\n<p>Krajem oktobra Rabija nas je,\u00a0 u saradnji sa horom Ehli Iman , po\u010dastila i novom ilahijim pod nazivom \u201eBilal Habe\u0161i\u201c za koju je tekst napisao \u00a0D\u017eevad Ibrahimovi\u0107 a za\u00a0 muziku, aran\u017eman, i video zadu\u017ean\u00a0 Ned\u017ead Grbi\u0107.<\/p>\n<p>https:\/\/youtube.com\/watch?v=DR6W8I5n2ic%2520frameborder%3D0%2520allow%3Daccelerometer%3B%2520autoplay%3B%2520encrypted-media%3B%2520gyroscope%3B%2520picture-in-picture%2520allowfullscreen<\/p>\n<p>Za ove projekte je ulo\u017eeno mnogo sredstava kako od sponzora tako i od li\u010dnog finansiranja.<\/p>\n<p>Ovom prilikom Vas pozivamo da podr\u017eite Rabijin rad uplatama na \u017eiro ra\u010dun: 1613000074618372 na ime Kemal Faji\u0107.<br \/>\nRabija je ina\u010de iz Poljica, op\u0107ina Lukavac sa trenuntnim prebivali\u0161tem u \u017divinicama.<\/p>\n<p>Kontakt telefon: +38762690806<\/p>\n<p>&nbsp;<\/p>\n","protected":false},"excerpt":{"rendered":"<p>Rabija je ro\u0111ena 1995. godine u Tuzli.\u00a0 Osnovnu \u0161kolu u Vukovijama Gornjim zavr\u0161ila sa odli\u010dnim uspjehom.\u00a0 Behram-begovu medresu, tako\u0111er zavr\u0161ava kao odli\u010dna u\u010denica. U medresi je bila \u010dlanica hora, botani\u010dke sekcije, prevodila\u010dke sekcije, recitatorske i mnogih drugih. Bila je u\u010desnica raznih manifestacija. Dobitnica je\u00a0 \u201cZlatne zna\u010dke\u201d kao jedan od najboljih studenata Fakulteta islamskih nauka u [&hellip;]<\/p>\n","protected":false},"author":7,"featured_media":15391,"comment_status":"open","ping_status":"closed","sticky":false,"template":"","format":"standard","meta":{"inline_featured_image":false,"footnotes":""},"categories":[58],"tags":[345,334,344],"class_list":{"0":"post-15390","1":"post","2":"type-post","3":"status-publish","4":"format-standard","5":"has-post-thumbnail","7":"category-muzika-magazin","8":"tag-duhovna-muzika","9":"tag-ponos-bih","10":"tag-rabija-hodzic-fajic"},"acf":[],"_links":{"self":[{"href":"https:\/\/tvsensor.com\/api\/wp\/v2\/posts\/15390","targetHints":{"allow":["GET"]}}],"collection":[{"href":"https:\/\/tvsensor.com\/api\/wp\/v2\/posts"}],"about":[{"href":"https:\/\/tvsensor.com\/api\/wp\/v2\/types\/post"}],"author":[{"embeddable":true,"href":"https:\/\/tvsensor.com\/api\/wp\/v2\/users\/7"}],"replies":[{"embeddable":true,"href":"https:\/\/tvsensor.com\/api\/wp\/v2\/comments?post=15390"}],"version-history":[{"count":4,"href":"https:\/\/tvsensor.com\/api\/wp\/v2\/posts\/15390\/revisions"}],"predecessor-version":[{"id":15395,"href":"https:\/\/tvsensor.com\/api\/wp\/v2\/posts\/15390\/revisions\/15395"}],"wp:featuredmedia":[{"embeddable":true,"href":"https:\/\/tvsensor.com\/api\/wp\/v2\/media\/15391"}],"wp:attachment":[{"href":"https:\/\/tvsensor.com\/api\/wp\/v2\/media?parent=15390"}],"wp:term":[{"taxonomy":"category","embeddable":true,"href":"https:\/\/tvsensor.com\/api\/wp\/v2\/categories?post=15390"},{"taxonomy":"post_tag","embeddable":true,"href":"https:\/\/tvsensor.com\/api\/wp\/v2\/tags?post=15390"}],"curies":[{"name":"wp","href":"https:\/\/api.w.org\/{rel}","templated":true}]}}