{"id":15376,"date":"2019-11-20T13:36:59","date_gmt":"2019-11-20T12:36:59","guid":{"rendered":"https:\/\/senzor.ba\/?p=15376"},"modified":"2024-01-15T21:44:06","modified_gmt":"2024-01-15T20:44:06","slug":"prosinecki-u-problemima-vazan-igrac-zmajeva-propusta-baraz","status":"publish","type":"post","link":"https:\/\/tvsensor.com\/clanak\/prosinecki-u-problemima-vazan-igrac-zmajeva-propusta-baraz\/","title":{"rendered":"Prosine\u010dki u problemima: Va\u017ean igra\u010d Zmajeva propu\u0161ta bara\u017e"},"content":{"rendered":"<p><strong>Zoran Kvr\u017ei\u0107<\/strong>\u00a0nije bio u konkurenciji za me\u010d protiv Lihten\u0161tajna zbog povrede, a prema pisanju Sportskih novosti mogao bi propustiti ostatak sezone.<\/p>\n<p>Sumnja se da su desnom beku bh. reprezentacije stradali ligamenti koljena, \u0161to bi zna\u010dilo da se ne\u0107e vra\u0107ati na teren do kraja sezone.<\/p>\n<p>To je svakako lo\u0161a vijest i za na\u0161u selekciju, koju u martu o\u010dekuju utakmice bara\u017ea za EP. Zmajevi \u0107e u polufinalu odmjeriti snage sa Sjevernom Irskom, a u eventualnom finalu igrat \u0107emo protiv boljeg iz drugog polufinalnog duela Slova\u010dka \u2013 Irska.<\/p>\n<p>Fudbaler Rijeke je u dresu BiH do sada odigrao sedam utakmica, a debitovao je 2011. godine.<\/p>\n<p><a href=\"https:\/\/www.facebook.com\/permalink.php?story_fbid=2843928632307818&#038;id=688288324538537\">https:\/\/www.facebook.com\/permalink.php?story_fbid=2843928632307818&amp;id=688288324538537<\/a><\/p>\n","protected":false},"excerpt":{"rendered":"<p>Zoran Kvr\u017ei\u0107\u00a0nije bio u konkurenciji za me\u010d protiv Lihten\u0161tajna zbog povrede, a prema pisanju Sportskih novosti mogao bi propustiti ostatak sezone. Sumnja se da su desnom beku bh. reprezentacije stradali ligamenti koljena, \u0161to bi zna\u010dilo da se ne\u0107e vra\u0107ati na teren do kraja sezone. To je svakako lo\u0161a vijest i za na\u0161u selekciju, koju u [&hellip;]<\/p>\n","protected":false},"author":59,"featured_media":15381,"comment_status":"open","ping_status":"closed","sticky":false,"template":"","format":"standard","meta":{"inline_featured_image":false,"footnotes":""},"categories":[62],"tags":[],"class_list":{"0":"post-15376","1":"post","2":"type-post","3":"status-publish","4":"format-standard","5":"has-post-thumbnail","7":"category-nogomet"},"acf":[],"_links":{"self":[{"href":"https:\/\/tvsensor.com\/api\/wp\/v2\/posts\/15376","targetHints":{"allow":["GET"]}}],"collection":[{"href":"https:\/\/tvsensor.com\/api\/wp\/v2\/posts"}],"about":[{"href":"https:\/\/tvsensor.com\/api\/wp\/v2\/types\/post"}],"author":[{"embeddable":true,"href":"https:\/\/tvsensor.com\/api\/wp\/v2\/users\/59"}],"replies":[{"embeddable":true,"href":"https:\/\/tvsensor.com\/api\/wp\/v2\/comments?post=15376"}],"version-history":[{"count":1,"href":"https:\/\/tvsensor.com\/api\/wp\/v2\/posts\/15376\/revisions"}],"predecessor-version":[{"id":15382,"href":"https:\/\/tvsensor.com\/api\/wp\/v2\/posts\/15376\/revisions\/15382"}],"wp:featuredmedia":[{"embeddable":true,"href":"https:\/\/tvsensor.com\/api\/wp\/v2\/media\/15381"}],"wp:attachment":[{"href":"https:\/\/tvsensor.com\/api\/wp\/v2\/media?parent=15376"}],"wp:term":[{"taxonomy":"category","embeddable":true,"href":"https:\/\/tvsensor.com\/api\/wp\/v2\/categories?post=15376"},{"taxonomy":"post_tag","embeddable":true,"href":"https:\/\/tvsensor.com\/api\/wp\/v2\/tags?post=15376"}],"curies":[{"name":"wp","href":"https:\/\/api.w.org\/{rel}","templated":true}]}}