{"id":15368,"date":"2019-11-20T13:24:45","date_gmt":"2019-11-20T12:24:45","guid":{"rendered":"https:\/\/senzor.ba\/?p=15368"},"modified":"2024-01-15T21:44:06","modified_gmt":"2024-01-15T20:44:06","slug":"otkrivamo-imena-ko-ce-biti-novi-ministri-u-drzavnoj-vlasti","status":"publish","type":"post","link":"https:\/\/tvsensor.com\/clanak\/otkrivamo-imena-ko-ce-biti-novi-ministri-u-drzavnoj-vlasti\/","title":{"rendered":"Otkrivamo imena: Ko \u0107e biti novi ministri u dr\u017eavnoj vlasti"},"content":{"rendered":"<p>U zavisnosti kada Predstavni\u010dki dom Parlamentarne skup\u0161tine Bosne i Hercegovine potvrdi imenovanje mandatara za sastav novog Vije\u0107a ministara Bosne i Hercegovine po\u010det \u0107e da te\u010de rok od 35 dana do kada tom domu na potvr\u0111ivanje trebaju biti dostavljena imena novih ministara i njihovih zamjenika.<\/p>\n<p>To zna\u010di da ni u najboljem slu\u010daju novo Vije\u0107e ministara BiH u punom sastavu moglo biti potvr\u0111eno do kraja decembra.<\/p>\n<p>\u0160to se ti\u010de koalicionih partnera, svakom \u0107e pripasti po tri ministarstva. SDA pola\u017ee pravo na Ministarstvo vanjskih poslova, Ministarstvo sigurnosti i Ministarstvo odbrane. SNSD-u bi trebalo pripasti Ministarstvo komunikacija i prometa, Ministarstvo vanjske trgovine i ekonomskih odnosa, Ministarstvo za ljudska prava i izbjeglice, te mjesto predsjedavaju\u0107eg Vije\u0107a ministara BiH. HDZ-u BiH trebalo bi pripasti Ministarstvo pravde, Ministarstvo civilnih poslova i Ministarstvo finansija i trezora BiH, pi\u0161e\u00a0<a href=\"https:\/\/www.radiosarajevo.ba\/metromahala\/teme\/kakva-je-procedura-uspostave-drzavne-vlasti-i-ko-ce-biti-novi-ministri\/358004\" target=\"_blank\" rel=\"noreferrer noopener\" aria-label=\"Radiosarajevo (opens in a new tab)\">Radiosarajevo<\/a>.<\/p>\n<p>U javnosti u vi\u0161e navrata pojavljivala su se i odre\u0111ena imena novih ministara. Pa tako nezvani\u010dno poziciju ministrice vanjskih poslova BiH mogla bi zauzeti Bisera Turkovi\u0107.<\/p>\n<p>Podsjetimo, Bisera Turkovi\u0107 je iskusna bh. diplomatkinja, bila je ambasadorica na\u0161e zemlje u Sjedinjenim Ameri\u010dkim Dr\u017eavama te diplomata u Belgiji, Ma\u0111arskoj, Hrvatskoj, stalnoj misiji BiH pri Uredu Ujedinjenih naroda i Misiji OSCE-a u Be\u010du. Trenutno obna\u0161a du\u017enost ambasadorice BiH u Kataru.<\/p>\n<p>Ministarstvo sigurnosti prema dogovoru s SDA pripalo je SBB-u, a nije isklju\u010deno da bi to mogao ponovo biti Fahrudin Radon\u010di\u0107 koji je delegat u Domu naroda PS BiH, ali u posljednje vrijeme se sve vi\u0161e spominje ime Ismira Juske koji trenutno obna\u0161a funkciju ministra za bora\u010dka pitanja Kantona Sarajevo, a u prethodno obna\u0161ao je i funkciju dr\u017eavnog ministra komunikacija i prometa.<\/p>\n<p>Kada je rije\u010d o ministru odbrane koje je pripalo koalicijskim sporazumom sa SDA pripalo Demokratskoj fronti, u javnosti se naj\u010de\u0161\u0107e spominje ime Sifeta Pod\u017ei\u0107a.<\/p>\n<p>HDZ BiH je dobio tri ministarstva i to finansije, ministarstvo pravde i civilne poslove. Za sada je najvjerovatnije da \u0107e ministar pravde ostati Josip Grube\u0161a iako se spominjalo i ime Bari\u0161e \u010colaka koji je delegat u Domu naroda PS BiH. Sasvim je mogu\u0107e da \u0107e mjesto ministra finansija nastaviti obna\u0161ati Vjekoslav Bevanda. Zasad u javnosti se nije spominjalo potencijalno ime ministra civilnih poslova.<\/p>\n<p>SNSD je dobio mjesto predsjedavaju\u0107eg Vije\u0107a ministara BiH, tu funkciju \u0107e obna\u0161ati Zoran Tegeltija ina\u010de biv\u0161i ministar finansija u Vladi RS-a.<\/p>\n<p>Ta stranka je dobila i Ministarstvo vanjske trgovine i ekonomskih odnosa i Ministarstvo saobra\u0107aja i komunikacija, a iz reda ostalih SNSD \u0107e delegirati i kandidata za Ministarstvo za ljudska prava i izbjeglice. Istodobno, Milorad Dodik najvjerovatnije \u0107e dvije od tri funkcije dati partnerima iz DNS-a i SP-a, ali i mogu\u0107e stranke Dragana \u010cavi\u0107a.<\/p>\n<p>Strankama za raspodjelu bit \u0107e i pozicije 10 zamjenika ministara u Vije\u0107u ministara BiH s obzirom da svako ministarstvo ima po jednog zamjenika ministra, a Ministarstvo odbrane BiH dva. Zamjenik ministra u Vije\u0107u ministara BiH prema zakonskim odredbama mora biti druge nacionalnosti u odnosu na ministra.<\/p>\n<p>Ina\u010de, Komisija za pripremu Vije\u0107a ministara BiH danas (srijeda) \u0107e u 14 sati odr\u017eati sjednicu radi pripreme izbora novog Vije\u0107a ministara s predsjedavaju\u0107im Zoranom Tegeltijom na \u010delu.<\/p>\n","protected":false},"excerpt":{"rendered":"<p>U zavisnosti kada Predstavni\u010dki dom Parlamentarne skup\u0161tine Bosne i Hercegovine potvrdi imenovanje mandatara za sastav novog Vije\u0107a ministara Bosne i Hercegovine po\u010det \u0107e da te\u010de rok od 35 dana do kada tom domu na potvr\u0111ivanje trebaju biti dostavljena imena novih ministara i njihovih zamjenika. To zna\u010di da ni u najboljem slu\u010daju novo Vije\u0107e ministara BiH [&hellip;]<\/p>\n","protected":false},"author":59,"featured_media":15370,"comment_status":"open","ping_status":"closed","sticky":false,"template":"","format":"standard","meta":{"inline_featured_image":false,"footnotes":""},"categories":[234],"tags":[],"class_list":{"0":"post-15368","1":"post","2":"type-post","3":"status-publish","4":"format-standard","5":"has-post-thumbnail","7":"category-politika"},"acf":[],"_links":{"self":[{"href":"https:\/\/tvsensor.com\/api\/wp\/v2\/posts\/15368","targetHints":{"allow":["GET"]}}],"collection":[{"href":"https:\/\/tvsensor.com\/api\/wp\/v2\/posts"}],"about":[{"href":"https:\/\/tvsensor.com\/api\/wp\/v2\/types\/post"}],"author":[{"embeddable":true,"href":"https:\/\/tvsensor.com\/api\/wp\/v2\/users\/59"}],"replies":[{"embeddable":true,"href":"https:\/\/tvsensor.com\/api\/wp\/v2\/comments?post=15368"}],"version-history":[{"count":1,"href":"https:\/\/tvsensor.com\/api\/wp\/v2\/posts\/15368\/revisions"}],"predecessor-version":[{"id":15371,"href":"https:\/\/tvsensor.com\/api\/wp\/v2\/posts\/15368\/revisions\/15371"}],"wp:featuredmedia":[{"embeddable":true,"href":"https:\/\/tvsensor.com\/api\/wp\/v2\/media\/15370"}],"wp:attachment":[{"href":"https:\/\/tvsensor.com\/api\/wp\/v2\/media?parent=15368"}],"wp:term":[{"taxonomy":"category","embeddable":true,"href":"https:\/\/tvsensor.com\/api\/wp\/v2\/categories?post=15368"},{"taxonomy":"post_tag","embeddable":true,"href":"https:\/\/tvsensor.com\/api\/wp\/v2\/tags?post=15368"}],"curies":[{"name":"wp","href":"https:\/\/api.w.org\/{rel}","templated":true}]}}