{"id":15367,"date":"2019-11-20T13:30:30","date_gmt":"2019-11-20T12:30:30","guid":{"rendered":"https:\/\/senzor.ba\/?p=15367"},"modified":"2024-01-15T21:44:06","modified_gmt":"2024-01-15T20:44:06","slug":"odlazak-u-njemacku-postaje-tezi-za-radnike-sa-zapadnog-balkana-uvodi-se-starosna-granica-i-provjera-znanja-jezika","status":"publish","type":"post","link":"https:\/\/tvsensor.com\/clanak\/odlazak-u-njemacku-postaje-tezi-za-radnike-sa-zapadnog-balkana-uvodi-se-starosna-granica-i-provjera-znanja-jezika\/","title":{"rendered":"Odlazak u Njema\u010dku postaje te\u017ei za radnike sa Zapadnog Balkana, uvodi se starosna granica i provjera znanja jezika"},"content":{"rendered":"<p>Na konferenciji za novinare, direktor njema\u010dko-srpske privredne komore Martin Knap rekao je da \u0107e stanovnicima Zapadnog Balkana biti dosta te\u017ee oti\u0107i u Njema\u010dku jer, dodaje, vi\u0161e ne\u0107e u\u017eivati priviligije u odnosu na stanovnike iz drugih dijelova sveta.<\/p>\n<p>Naveo je da \u0107e ubudu\u0107e znanje njema\u010dkog jezika stanovnika Zapadnog Balkana koji bi da odu u Njema\u010dku morati da bude na visokom nivou, \u0161to ranije nije bio slu\u010daj.<\/p>\n<p>Tako\u0111e, ka\u017ee, postojat \u0107e starosna granica, koja ranije nije postojala.<\/p>\n<p>Knap, me\u0111utim, nije precizirao do koje starosne dobi \u0107e stanovnici Zapadnog Balkana mo\u0107i da odlaze u Nema\u010dku, ali je najavio da \u0107e o novim rje\u0161enjima nema\u010dkog Zakona o emigraciji biti rije\u010di u petak, 22. novembra u Beogradu, na konferenciji \u201cZapadni Balkan i njema\u010dka privreda: Investicije \u2013 Dobavlja\u010dke inicijative \u2013 Mobilnost\u201d.<\/p>\n<ul>\n<li>Na konferenciji u petak \u017eelimo da razjasnimo sva pitanja u vezi sa novim zakonom \u2013 rekao je Knap i dodao da \u0107e na tom skupu biti rije\u010di o tome kako \u0107e u budu\u0107e izgledati procedure.<\/li>\n<\/ul>\n<p>Ka\u017ee i da Njema\u010dka uvodi propis koji \u0107e va\u017eiti za cijeli svijet.<\/p>\n","protected":false},"excerpt":{"rendered":"<p>Na konferenciji za novinare, direktor njema\u010dko-srpske privredne komore Martin Knap rekao je da \u0107e stanovnicima Zapadnog Balkana biti dosta te\u017ee oti\u0107i u Njema\u010dku jer, dodaje, vi\u0161e ne\u0107e u\u017eivati priviligije u odnosu na stanovnike iz drugih dijelova sveta. Naveo je da \u0107e ubudu\u0107e znanje njema\u010dkog jezika stanovnika Zapadnog Balkana koji bi da odu u Njema\u010dku morati [&hellip;]<\/p>\n","protected":false},"author":59,"featured_media":15372,"comment_status":"open","ping_status":"closed","sticky":false,"template":"","format":"standard","meta":{"inline_featured_image":false,"footnotes":""},"categories":[42],"tags":[],"class_list":{"0":"post-15367","1":"post","2":"type-post","3":"status-publish","4":"format-standard","5":"has-post-thumbnail","7":"category-ekonomija"},"acf":[],"_links":{"self":[{"href":"https:\/\/tvsensor.com\/api\/wp\/v2\/posts\/15367","targetHints":{"allow":["GET"]}}],"collection":[{"href":"https:\/\/tvsensor.com\/api\/wp\/v2\/posts"}],"about":[{"href":"https:\/\/tvsensor.com\/api\/wp\/v2\/types\/post"}],"author":[{"embeddable":true,"href":"https:\/\/tvsensor.com\/api\/wp\/v2\/users\/59"}],"replies":[{"embeddable":true,"href":"https:\/\/tvsensor.com\/api\/wp\/v2\/comments?post=15367"}],"version-history":[{"count":1,"href":"https:\/\/tvsensor.com\/api\/wp\/v2\/posts\/15367\/revisions"}],"predecessor-version":[{"id":15374,"href":"https:\/\/tvsensor.com\/api\/wp\/v2\/posts\/15367\/revisions\/15374"}],"wp:featuredmedia":[{"embeddable":true,"href":"https:\/\/tvsensor.com\/api\/wp\/v2\/media\/15372"}],"wp:attachment":[{"href":"https:\/\/tvsensor.com\/api\/wp\/v2\/media?parent=15367"}],"wp:term":[{"taxonomy":"category","embeddable":true,"href":"https:\/\/tvsensor.com\/api\/wp\/v2\/categories?post=15367"},{"taxonomy":"post_tag","embeddable":true,"href":"https:\/\/tvsensor.com\/api\/wp\/v2\/tags?post=15367"}],"curies":[{"name":"wp","href":"https:\/\/api.w.org\/{rel}","templated":true}]}}