{"id":15364,"date":"2019-11-20T13:18:28","date_gmt":"2019-11-20T12:18:28","guid":{"rendered":"https:\/\/senzor.ba\/?p=15364"},"modified":"2024-01-15T21:44:06","modified_gmt":"2024-01-15T20:44:06","slug":"ministar-mektic-tvrdi-bih-sljedece-godine-moze-ocekivati-poziv-u-nato","status":"publish","type":"post","link":"https:\/\/tvsensor.com\/clanak\/ministar-mektic-tvrdi-bih-sljedece-godine-moze-ocekivati-poziv-u-nato\/","title":{"rendered":"Ministar Mekti\u0107 tvrdi: BiH sljede\u0107e godine mo\u017ee o\u010dekivati poziv u NATO"},"content":{"rendered":"<p><em>\u201cZanimljivo je to \u0161to se Njegova ekselencija, ambasador Petar Ivancov, ve\u0107 dva dana ne ogla\u0161ava povodom Dodikovog pristanka da BiH nastavi dalje pribli\u017eavanje NATO. Ako preko svojih medija, spinova i manipulacija Dodik mo\u017ee da la\u017ee i vara narod u Republici Srpskoj, s Rusima \u0107e mu to i\u0107i malo te\u017ee.<\/em><\/p>\n<p>Ovo na \u0161ta je Dodik pristao kako bi se do\u010depao vlasti u Sarajevu je klasi\u010dna izdaja Republike Srpske, a Rusi dobro znaju da je ju\u010dera\u0161njim potezom Dodik pogazio i ono \u0161to je njima obe\u0107ao, a to je je Republika Srpska i BiH ne\u0107e u\u0107i u NATO\u201d, ka\u017ee Mekti\u0107 za Insajder.<\/p>\n<p>On dodaje i to da ga nije pretjerano iznenadio ju\u010dera\u0161nji dogovor \u010dlanova Predsjedni\u0161tva BiH, uprkos ranijim tvrdnjama \u010dlana Predsjedni\u0161tva BiH da SNSD ne\u0107e biti dio vlasti ako je uslov dalje pribli\u017eavanje BiH Zapadnom vojnom savezu.<\/p>\n<p><em>\u201cDodik u svojoj politici nikad nije imao kontinuitet prema Republici Srpskoj i strate\u0161kim pitanjima, a ovog puta je pokazao i da mu ni\u0161ta nije sveto osim vlasti i mo\u0107i. On sada poku\u0161ava da svoju ju\u010dera\u0161nju izdaju na neki na\u010din relativizuje, ali ovo je klasi\u010dna aktivacija MAP-a i ovo je pristanak na usvajanje Godi\u0161njeg nacionalnog plana.<\/em><\/p>\n<p>Neva\u017eno je to \u0161to su poku\u0161ali da ga kamufliraju promjenom imena. Bitno je da \u0107e to NATO prihvatiti kao Godi\u0161nji nacionalni plan i samim tim, po automatizmu, ide aktivacija MAP-a. Mo\u017eemo o\u010dekivati da ve\u0107 sljede\u0107e godine NATO uputi zvani\u010dan poziv BiH za prijem u svoje \u010dlanstvo. BiH je sada na \u010dvrstom putu prema NATO, mi o tome vi\u0161e ne odlu\u010dujemo i Republika Srpska i BiH su prakti\u010dno ve\u0107 sada neformalni dio NATO\u201d, tvrdi Mekti\u0107.<\/p>\n<p>On, tako\u0111er, isti\u010de da je posebno opasno po interese i budu\u0107nost Republike Srpske to \u0161to \u0107e srpski narod, nakon ulaska BiH u NATO, imati jasnu granicu na Drini.<\/p>\n<p><em>\u201cSve \u0161to je Dodik govorio protiv NATO, da su bombardovali Srbiju 1999. godine, da su bombardovali Republiku Srpsku, da su bombardovali osiroma\u0161enim uranijumom, pitanje pokretanja zajedni\u010dke tu\u017ebe sa Vu\u010di\u0107em protiv NATO, sve je to bila samo jeftina farsa i pri\u010da za manipulaciju narodom.<\/em><\/p>\n<p>Za sada, Srbija nije iskazala bilo kakvu namjeru za u\u010dlanjenje u NATO, nema MAP, niti od nje bilo ko tra\u017ei Godi\u0161nji nacionalni plan, tako da smo mi sada na potpuno suprotnoj strani od Srbije kada je u pitanju NATO. Stavovi Narodne skup\u0161tine Republike Srpske, rezolucije, to \u0161to je Dodik govorio da se bez Narodne skup\u0161tine ne mo\u017ee ni\u0161ta u\u010diniti i da ne\u0107e prihvatiti \u010dak ni dokument koji je sli\u010dan ANP-u, bila je o\u010digledna la\u017e i prevara.<\/p>\n<p>Mislim da nema tog Srbina u Republici Srpskoj koji bi u\u010dinio ovo \u0161to je u\u010dinio Milorad Dodik\u201d, ka\u017ee Mekti\u0107 za Insajder.<\/p>\n","protected":false},"excerpt":{"rendered":"<p>\u201cZanimljivo je to \u0161to se Njegova ekselencija, ambasador Petar Ivancov, ve\u0107 dva dana ne ogla\u0161ava povodom Dodikovog pristanka da BiH nastavi dalje pribli\u017eavanje NATO. Ako preko svojih medija, spinova i manipulacija Dodik mo\u017ee da la\u017ee i vara narod u Republici Srpskoj, s Rusima \u0107e mu to i\u0107i malo te\u017ee. Ovo na \u0161ta je Dodik pristao [&hellip;]<\/p>\n","protected":false},"author":59,"featured_media":15365,"comment_status":"open","ping_status":"closed","sticky":false,"template":"","format":"standard","meta":{"inline_featured_image":false,"footnotes":""},"categories":[234],"tags":[],"class_list":{"0":"post-15364","1":"post","2":"type-post","3":"status-publish","4":"format-standard","5":"has-post-thumbnail","7":"category-politika"},"acf":[],"_links":{"self":[{"href":"https:\/\/tvsensor.com\/api\/wp\/v2\/posts\/15364","targetHints":{"allow":["GET"]}}],"collection":[{"href":"https:\/\/tvsensor.com\/api\/wp\/v2\/posts"}],"about":[{"href":"https:\/\/tvsensor.com\/api\/wp\/v2\/types\/post"}],"author":[{"embeddable":true,"href":"https:\/\/tvsensor.com\/api\/wp\/v2\/users\/59"}],"replies":[{"embeddable":true,"href":"https:\/\/tvsensor.com\/api\/wp\/v2\/comments?post=15364"}],"version-history":[{"count":1,"href":"https:\/\/tvsensor.com\/api\/wp\/v2\/posts\/15364\/revisions"}],"predecessor-version":[{"id":15366,"href":"https:\/\/tvsensor.com\/api\/wp\/v2\/posts\/15364\/revisions\/15366"}],"wp:featuredmedia":[{"embeddable":true,"href":"https:\/\/tvsensor.com\/api\/wp\/v2\/media\/15365"}],"wp:attachment":[{"href":"https:\/\/tvsensor.com\/api\/wp\/v2\/media?parent=15364"}],"wp:term":[{"taxonomy":"category","embeddable":true,"href":"https:\/\/tvsensor.com\/api\/wp\/v2\/categories?post=15364"},{"taxonomy":"post_tag","embeddable":true,"href":"https:\/\/tvsensor.com\/api\/wp\/v2\/tags?post=15364"}],"curies":[{"name":"wp","href":"https:\/\/api.w.org\/{rel}","templated":true}]}}