{"id":15361,"date":"2019-11-20T13:16:08","date_gmt":"2019-11-20T12:16:08","guid":{"rendered":"https:\/\/senzor.ba\/?p=15361"},"modified":"2024-01-15T21:44:06","modified_gmt":"2024-01-15T20:44:06","slug":"foto-zasto-se-srpska-pravoslavna-crkva-protivi-podizanju-spomenika-srebrenica-monument-u-rotterdamu","status":"publish","type":"post","link":"https:\/\/tvsensor.com\/clanak\/foto-zasto-se-srpska-pravoslavna-crkva-protivi-podizanju-spomenika-srebrenica-monument-u-rotterdamu\/","title":{"rendered":"(FOTO) Za\u0161to se Srpska pravoslavna crkva protivi podizanju spomenika &#8220;Srebrenica Monument&#8221; u Rotterdamu?"},"content":{"rendered":"<p>Iako su po strani skoro svih bosanskohercegova\u010dkih inicijativa i akcija u Kraljevini Holandiji, ne pojavljuju se na proslavama Dana dr\u017eavnosti Bosne i Hercegovine i drugih prigodnih datuma. Srpska pravoslavna crkva (SPC) i srpska udru\u017eenja u kojima participiraju Srbi porijeklom iz Bosne i Hercegovine u zemlji tulipana prvi put su pro\u0161le sedmice jedinstveno istupili u jednoj inicijativi koja se ti\u010de bh. zajednice u Holandiji.<\/p>\n<p>Povod je bio ve\u0107 ozbiljno razra\u0111ena, \u010dak i politi\u010dki \u0161iroko podr\u017eana ideja za &#8220;Srebrenica monument&#8221;, spomenik koji bi se sagradio u Rotterdamu a \u010dime bi se trajno obilje\u017eilo sje\u0107anje na genocid nad Bo\u0161njacima Srebrenice u julu 1995. godine. Projekat je u Op\u0107inskom vije\u0107u Rotterdama 9. jula ove godine pokrenula partija &#8220;DENK&#8221;. Rije\u010d je o stranci koja okuplja uglavnom tursku manjinu u ovoj zemlji, a od posljednjih op\u0107ih izbora ima i tri predstavnika u dr\u017eavnom parlamentu (Tweede kamer). Gradska skup\u0161tina je podr\u017eala projekat zastupnika Yigit, a on je isprovocirao SPC i srpska udru\u017eenja koja okupljaju bosanske Srbe u ovoj zemlji da zajedni\u010dkim pismom op\u0107inskim vlastima istupe protiv ove ideje nude\u0107i vlastiti prijedlog na temu &#8220;Srebrenica monument&#8221;.<\/p>\n<div class=\"article hasRelatedCard hasRelatedImg hasRelatedCardBody hasRelatedHeader\">\n<div class=\"card\"><\/div>\n<\/div>\n<p>&#8220;Krvavi rat nakon raspada Jugoslavije posebno je pogodio Bosnu i Hercegovinu. Tri etni\u010dke grupe, bosanski muslimani\/Bo\u0161njaci, bosanski Srbi i bosanski Hrvati, u me\u0111usobnom sukobu 1992-1995. bile su me\u0111usobno sukobljene a tom prilikom po\u010dinjeni su zlo\u010dini na svim stranama. Zato se protivimo formiranju slike o Srebrenici koja se provla\u010di u zahtjevu partije &#8220;DENK&#8221; od 9. jula, dok pa\u017enje za stradanja drugih etni\u010dkih grupa nema. Kao posljedica rata u Bosni i Hercegovini, koji je jos svje\u017e u sje\u0107anju, sada je Bosna i Hercegovina jedno podijeljeno dru\u0161tvo u kojem tri najve\u0107e etni\u010dke grupe vi\u0161e \u017eive jedni pored drugih nego zajedno.&#8221;<\/p>\n<p>U pismu se jo\u0161 negira postojanje &#8220;Holandsko-bosanske zajednice&#8221; u Holandiji, kako stoji u parlamentarnom prijedlogu stranke &#8220;DENK&#8221;, ve\u0107 da su u pitanju zasebne etni\u010dke grupe koje kao takve i djeluju i nastupaju.<\/p>\n<p>(&#8230;) &#8220;Zato smatramo da je u provo\u0111enju prijedloga o gradnji &#8220;Srebrenica monumenta&#8221; kolegij gradona\u010delnika i gradska vlada obavezno trebao uzeti u obzir u\u010de\u0161\u0107e i predstavnika bosanskih Srba i bosanskih Hrvata. Najve\u0107a koncentracija Srba, me\u0111u kojima i bosanskih Srba je upravo u regiji Rijnmond (Rotterdam) i zato savjetujemo kolegij gradona\u010delnika da u predstoje\u0107e razgovore uklju\u010de i druge etni\u010dke grupe porijeklom iz Bosne i Hercegovine.&#8221;<\/p>\n<p>Na kraju pisma, potpisnici ove molbe isti\u010du da gradnja spomenika isklju\u010divo za \u017ertve Srebrenice ne vodi pomirenju izme\u0111u etni\u010dkih grupa porijeklom iz Bosne i Hercegovine u Holandiji, pa nude i rje\u0161enje.<\/p>\n<div class=\"article hasRelatedCard hasRelatedImg hasRelatedCardBody hasRelatedHeader\">\n<div class=\"card\"><\/div>\n<\/div>\n<p>&#8211; Mi podr\u017eavamo inicijativu da, ako op\u0107ina Rotterdam ve\u0107 misli graditi spomenik za \u017ertve rata u Bosni i Hercegovini, da to bude u \u0161irem smislu, za sve \u017ertve rata iz biv\u0161e Jugoslavije, pa da to bude jedinstveno mjesto sje\u0107anja za sve ratne \u017ertve, neovisno o vjeri ili etni\u010dkom porijeklu. Takvo mjesto bi moglo doprinijeti pomirenju me\u0111u etni\u010dkim grupama iz biv\u0161e Jugoslavije. Gradnja monumenta isklju\u010divo za \u017ertve Srebrenice doprinijet \u0107e upravo suprotnom &#8211; daljoj polarizaciji me\u0111u etni\u010dkim grupama iz biv\u0161e Jugoslavije koje u Rotterdamu i Holandiji \u017eive u velikom broju, ka\u017ee se na kraju otvorenog pisma\/molbe predstavnika SPC i srpskih udru\u017eenja u Holandiji, upu\u0107enog op\u0107inskim vlastima Rotterdama.<\/p>\n<p>Pismo su na memorandumu Zapadnoevropske eparhije Srpske pravoslavne crkve, Srpske pravoslavne parohije Svete Trojice Rotterdam potpisali:<\/p>\n<p>&#8211; Vojislav Bilbija, rektor, vladika Svete pravoslavne parohije &#8220;Svete trojice&#8221;, Rotterdam<br \/>\n&#8211; gospo\u0111a N. \u010canak, predsjednica Srpskog kulturnog dru\u0161tva &#8220;Vuk Karad\u017ei\u0107&#8221;, Rotterdam,<br \/>\n&#8211; gospodin M. Vukas, predsjednik Srpskog omladinskog prijateljstva (SOP) Rotterdam,<br \/>\n&#8211; gospodin M. Barjaktarovi\u0107, predsjednik Srpskog kulturnog i informativnog centra &#8220;Stefan Nemanja&#8221; iz De Meerna i<br \/>\n&#8211; gospo\u0111a C.J.M. Grbi\u0107-Buddingh&#8217;, predsjednica Srpskog informativnog i kulturnog centra u Arnhemu.<\/p>\n<p><img decoding=\"async\" src=\"https:\/\/mbapi.oslobodjenje.ba\/storage\/images\/41a5\/fd4d\/4659\/Faksimil_pisma_SPC_i_srpskih_udruzenja_u_Holandiji_protiv_Srebrenica_monumenta-page-001.jpg\" \/><\/p>\n<p><img decoding=\"async\" src=\"https:\/\/mbapi.oslobodjenje.ba\/storage\/images\/41a5\/fd4d\/4660\/Faksimil_pisma_SPC_i_srpskih_udruzenja_u_Holandiji_protiv_Srebrenica_monumenta-page-002.jpg\" \/><\/p>\n<p><a href=\"https:\/\/mojabih.oslobodjenje.ba\/b-v-logovi\/foto-zasto-se-srpska-pravoslavna-crkva-protivi-podizanju-spomenika-srebrenica-monument-u-rotterdamu\/1724\">MojaBiH<\/a><\/p>\n","protected":false},"excerpt":{"rendered":"<p>Iako su po strani skoro svih bosanskohercegova\u010dkih inicijativa i akcija u Kraljevini Holandiji, ne pojavljuju se na proslavama Dana dr\u017eavnosti Bosne i Hercegovine i drugih prigodnih datuma. Srpska pravoslavna crkva (SPC) i srpska udru\u017eenja u kojima participiraju Srbi porijeklom iz Bosne i Hercegovine u zemlji tulipana prvi put su pro\u0161le sedmice jedinstveno istupili u jednoj [&hellip;]<\/p>\n","protected":false},"author":59,"featured_media":15362,"comment_status":"open","ping_status":"closed","sticky":false,"template":"","format":"standard","meta":{"inline_featured_image":false,"footnotes":""},"categories":[67],"tags":[],"class_list":{"0":"post-15361","1":"post","2":"type-post","3":"status-publish","4":"format-standard","5":"has-post-thumbnail","7":"category-blog"},"acf":[],"_links":{"self":[{"href":"https:\/\/tvsensor.com\/api\/wp\/v2\/posts\/15361","targetHints":{"allow":["GET"]}}],"collection":[{"href":"https:\/\/tvsensor.com\/api\/wp\/v2\/posts"}],"about":[{"href":"https:\/\/tvsensor.com\/api\/wp\/v2\/types\/post"}],"author":[{"embeddable":true,"href":"https:\/\/tvsensor.com\/api\/wp\/v2\/users\/59"}],"replies":[{"embeddable":true,"href":"https:\/\/tvsensor.com\/api\/wp\/v2\/comments?post=15361"}],"version-history":[{"count":1,"href":"https:\/\/tvsensor.com\/api\/wp\/v2\/posts\/15361\/revisions"}],"predecessor-version":[{"id":15363,"href":"https:\/\/tvsensor.com\/api\/wp\/v2\/posts\/15361\/revisions\/15363"}],"wp:featuredmedia":[{"embeddable":true,"href":"https:\/\/tvsensor.com\/api\/wp\/v2\/media\/15362"}],"wp:attachment":[{"href":"https:\/\/tvsensor.com\/api\/wp\/v2\/media?parent=15361"}],"wp:term":[{"taxonomy":"category","embeddable":true,"href":"https:\/\/tvsensor.com\/api\/wp\/v2\/categories?post=15361"},{"taxonomy":"post_tag","embeddable":true,"href":"https:\/\/tvsensor.com\/api\/wp\/v2\/tags?post=15361"}],"curies":[{"name":"wp","href":"https:\/\/api.w.org\/{rel}","templated":true}]}}