{"id":15358,"date":"2019-11-20T13:11:10","date_gmt":"2019-11-20T12:11:10","guid":{"rendered":"https:\/\/senzor.ba\/?p=15358"},"modified":"2024-01-15T21:44:06","modified_gmt":"2024-01-15T20:44:06","slug":"prvo-pravna-drzava-onda-novac-iz-eu-a","status":"publish","type":"post","link":"https:\/\/tvsensor.com\/clanak\/prvo-pravna-drzava-onda-novac-iz-eu-a\/","title":{"rendered":"Prvo pravna dr\u017eava, onda novac iz EU-a"},"content":{"rendered":"<p>Prvo je u\u00a0oktobru\u00a0 francusko odbijanje otvaranja pregovora o pristupu Europskoj uniji za Sjevernu Makedoniju i Albaniju izazvalo negodovanje u Bruxellesu i Berlinu, a sada i sljede\u0107i \u0161ok iz Pariza:\u00a0Macronov &#8220;non-paper&#8221;.<\/p>\n<p>Tim dokumentom francuski predsjednik, kako prenose njema\u010dki mediji, zahtijeva jo\u0161 stro\u017ee uvjete za EU-\u010dlanstvo, pa i sankcije u slu\u010daju da reforme ne napreduju po dogovoru. Minhenski &#8220;S\u00fcddeutsche Zeitung&#8221; (SZ) prenosi kako je taj papir iz Pariza u Bruxellesu nai\u0161ao na suzdr\u017eane reakcije. Jedan EU-diplomat, pi\u0161e dalje SZ, isti\u010de kako je pozitivno \u0161to Pariz dalje &#8220;jasno&#8221; podr\u017eava EU-perspektivu zemalja Zapadnog Balkana te da je i ideja o godi\u0161njim sastancima na vrhu EU-a sa \u0161efovima dr\u017eava i vlada tih zemalja dobra, ali je popis s to\u010dkama kritike puno du\u017ei.<\/p>\n<p>Tako su upravo isto\u010dnoeuropske zemlje, prenosi SZ dalje neimenovanog EU-diplomata, zabrinute da \u0107e fokusiranje na &#8220;diskusiju o metodama&#8221; na neodre\u0111eno vrijeme sprije\u010diti po\u010detak pristupnih\u00a0pregovora sa Sjevernom Makedonijom i Albanijom. Strahuje se da \u0107e se &#8220;zemlje kandidatkinje uvijek iznova tje\u0161iti&#8221;.<\/p>\n<p><strong>Poruka Zapadnom Balkanu ili, pak, Berlinu?<\/strong><\/p>\n<p>Sama Francuska sebe vidi kao &#8220;hrabru braniteljicu jedne pozicije koju bi mnogi iskazali samo potiho. On je &#8216;siguran&#8217; u to da bi se polovica EU-\u010dlanica po tom pitanju skrivala iza Francuske, kazao je Macron nedavno u jednom intervjuu.<\/p>\n<p>Potrebno je vi\u0161e jedinstva u Europskoj uniji, kazao je francuski predsjednik: &#8216;Neki \u017eele da se ta kri\u0161ka kruha stalno pove\u0107ava, ali kad se radi o tomu da se na nju nama\u017ee vi\u0161e maslaca, onda se protive.&#8217; Tko je u toj pri\u010di zadu\u017een za kri\u0161ku, a tko za mazanje maslaca, to je Macron ostavio otvorenim, ali ta metafora najvi\u0161e daje smisla ako ju se \u010dita kao poruku Berlinu.<\/p>\n<p>Onima koji radije \u0161tede umjesto da ula\u017eu, a istovremeno zemljama Zapadnog Balkana \u017eele ponuditi pristupnu perspektivu. Iz Elizejske pala\u010de se poru\u010duje kako se \u017eeli da se te izjave shvate kao poruke EU-partnerima &#8211; a manje kao poruke Sjevernoj Makedoniji i Albaniji.&#8221;<\/p>\n<p>&nbsp;<\/p>\n<div class=\"e-embed js-lightbox-gallery\" data-gallery-id=\"33133\"><a class=\"js-lightbox-item\" title=\"\" href=\"https:\/\/storage.face.ba\/image\/41001\/1280x880\/50194854_401.jpg\" data-image-date=\"20. 11. 2019. u 11:53\" data-image-id=\"41001\" data-fb-share-url=\"https:\/\/www.facebook.com\/sharer\/sharer.php?u=https:\/\/www.face.ba\/vijesti\/bih\/prvo-pravna-drzava-onda-novac-iz-eu-a\/33133\" data-twitter-share-url=\"https:\/\/twitter.com\/home?status=https:\/\/www.face.ba\/vijesti\/bih\/prvo-pravna-drzava-onda-novac-iz-eu-a\/33133\" data-google-plus-share-url=\"https:\/\/plus.google.com\/share?url=https:\/\/www.face.ba\/vijesti\/bih\/prvo-pravna-drzava-onda-novac-iz-eu-a\/33133\" data-viber-share-url=\"https:\/\/www.face.ba\/vijesti\/bih\/prvo-pravna-drzava-onda-novac-iz-eu-a\/33133\" data-whatsapp-share-url=\"https:\/\/www.face.ba\/vijesti\/bih\/prvo-pravna-drzava-onda-novac-iz-eu-a\/33133\"><img decoding=\"async\" class=\"img-responsive\" src=\"https:\/\/storage.face.ba\/image\/41001\/original\/50194854_401.jpg\" alt=\" - Prvo pravna dr\u017eava, onda novac iz EU-a\" \/><\/a><\/div>\n<div class=\"e-image-source\">\n<p>SZ, me\u0111utim, navodi i jedan drugi, unutarnjopoliti\u010dki razlog koji je Pariz mo\u017eda mogao navesti na najnovije korake po pitanju pro\u0161irenja EU-a: &#8220;Me\u0111u ljudima koji su u Francuskoj zatra\u017eili azil su 2018. i 2019. Albanci bili na tre\u0107em mjestu, nakon Gruzijaca i Afganistanaca.<\/p>\n<p>Od januara ove godine je 4.800 Albanaca predalo zahtjev za azil. Pritom Albanija va\u017ei kao sigurna zemlja podrijetla.&#8221; S obzirom na generalno pove\u0107an broj zahtjeva za azil u Francuskoj, &#8220;Macron taj trend \u017eeli okon\u010dati. To obrazla\u017ee i time da svojoj desnoradikalnoj konkurentici Marine Le Pen ne \u017eeli prepustiti teren kad se radi o migracijskopoliti\u010dkim pitanjima.&#8221; O\u010dekuje se da \u0107e 2022. do\u0107i ponovno do izbornog dvoboja izme\u0111u Macrona i Le Pen, poja\u0161njava SZ i dodaje kako se u Bruxellesu mnogi \u017eale zbog tih izborno-takti\u010dnih zakulisnih radnji.<\/p>\n<p><strong>Nau\u010dena lekcija na Balkanu<\/strong><\/p>\n<p>Berlinski list &#8220;taz&#8221; u \u010dlanku pod naslovom &#8220;Prvo pravna dr\u017eava, onda EU-novac&#8221; pi\u0161e kako Macronov &#8220;non-paper&#8221; u praksi postaje utrka s preponama te obja\u0161njava detaljnije \u0161to taj prijedlog ustvari podrazumijeva. Tako Macron predla\u017ee da se ukine dosada\u0161njih 35 poglavlja procesa pristupanja EU-u te da se umjesto toga uvede &#8220;sedam etapa&#8221; koje bi se vrtjele oko konkretnih politi\u010dkih podru\u010dja: &#8220;Na po\u010detku je pravna dr\u017eava, na kraju novac.<\/p>\n<p>Tek kad se jedna etapa uspje\u0161no okon\u010da, slijedi sljede\u0107a &#8211; to je prethodno bilo druk\u010dije. Macron time \u017eeli posti\u0107i da novi EU-kandidati urade svoju zada\u0107u i tek onda napreduju kad ozbiljno shvate pravnu dr\u017eavu. To je o\u010dito lekcija iz prvog pro\u0161irenja na Balkanu. Bugarska i Rumunjska sve do danas imaju velike probleme s korupcijom i organiziranim kriminalom.&#8221;<\/p>\n<p>Taz dalje navodi da su predvi\u0111ene i sankcije ukoliko se jedna etapa ne zatvori uspje\u0161no. Te sankcije, pi\u0161e taz, podrazumijevaju \u010dak i zale\u0111ivanje pristupnih pregovora ili \u010dak vra\u0107anje zemlje &#8220;na po\u010detak&#8221; pregovora. &#8220;Ve\u0107 u januaru bi prema \u017eelji Pariza Europska komisija trebala zapo\u010deti s reformom. Na velikoj balkanskoj konferenciji u maju 2020. u Zagrebu bi moglo uslijediti zeleno svjetlo za Albaniju i Sjevernu Makedoniju&#8221;, pi\u0161e taz. Me\u0111utim, nejasno je ho\u0107e li i drugi \u0161efovi vlada i dr\u017eava Europske unije stati iza Macrona, nagla\u0161ava taz. Jer, &#8220;tijekom njegove blokade u listopadu su ga podr\u017eali samo Danska i Nizozemska. Od tada je\u00a0Emmanuel Macron skupa sa svojim velikim reformskim planovima\u00a0prili\u010dno usamljen.&#8221;<\/p>\n<div class=\"e-embed js-lightbox-gallery\" data-gallery-id=\"33133\"><a class=\"js-lightbox-item\" title=\"\" href=\"https:\/\/storage.face.ba\/image\/41002\/1280x880\/51286917_401.jpg\" data-image-date=\"20. 11. 2019. u 11:53\" data-image-id=\"41002\" data-fb-share-url=\"https:\/\/www.facebook.com\/sharer\/sharer.php?u=https:\/\/www.face.ba\/vijesti\/bih\/prvo-pravna-drzava-onda-novac-iz-eu-a\/33133\" data-twitter-share-url=\"https:\/\/twitter.com\/home?status=https:\/\/www.face.ba\/vijesti\/bih\/prvo-pravna-drzava-onda-novac-iz-eu-a\/33133\" data-google-plus-share-url=\"https:\/\/plus.google.com\/share?url=https:\/\/www.face.ba\/vijesti\/bih\/prvo-pravna-drzava-onda-novac-iz-eu-a\/33133\" data-viber-share-url=\"https:\/\/www.face.ba\/vijesti\/bih\/prvo-pravna-drzava-onda-novac-iz-eu-a\/33133\" data-whatsapp-share-url=\"https:\/\/www.face.ba\/vijesti\/bih\/prvo-pravna-drzava-onda-novac-iz-eu-a\/33133\"><img decoding=\"async\" class=\"img-responsive\" title=\"\" src=\"https:\/\/storage.face.ba\/image\/41002\/original\/51286917_401.jpg\" alt=\" - Prvo pravna dr\u017eava, onda novac iz EU-a\" \/><\/a><\/div>\n<div class=\"e-image-source\">\n<p><strong>Kosovari pjevaju englesku himnu<\/strong><\/p>\n<p>Pored ove teme list &#8220;Die Welt&#8221; pi\u0161e o interesantnom nogometnom susretu Engleske i Kosova u sklopu kvalifikacijskih utakmica za Europsko nogometno prvenstvo 2020. List navodi da \u0107e ta utakmica u\u0107i u povijesne knjige, izme\u0111u ostalog i kao primjer toga koliko velika mo\u017ee biti zahvala \u010ditave jedne nacije za vojnu intervenciju: &#8220;Prije 20 godina, 1999., Velika Britanija je bila dio NATO-snaga koje su se protiv Srbije uklju\u010dile u rat na Kosovu i na koncu jednoj regiji od dva milijuna stanovnika pomogla da stekne neovisnost.<\/p>\n<p>Kosovari to nisu zaboravili te su iskoristili priliku nogometne utakmice kako bi iskazali svoju zahvalnost. Ve\u0107 \u010ditav tjedan su se u Pri\u0161tini mogli vidjeti plakati dobrodo\u0161lice za Engleze. (&#8230;) Nakon ulaska igra\u010da u stadion bilo je do\u0161lo vrijeme za himne-a kad je intonirana &#8216;God Save The Queen&#8217;, svi Kosovari su ustali, dr\u017eali englesku zastavu uvis i poku\u0161ali pjevati himnu.&#8221; Die Welt navodi da \u0107e taj prizor ostati u sje\u0107anju kao kontrast ru\u017enim i rasisti\u010dkim ispadima koje je Engleska do\u017eivjela prije mjesec dana u Bugarskoj. &#8221;<\/p>\n<p>A i kao znak za pravednu utakmicu i respekt.&#8221;<\/p>\n<p><a href=\"https:\/\/www.face.ba\/vijesti\/bih\/prvo-pravna-drzava-onda-novac-iz-eu-a\/33133\">face.ba<\/a><\/p>\n<\/div>\n<\/div>\n","protected":false},"excerpt":{"rendered":"<p>Prvo je u\u00a0oktobru\u00a0 francusko odbijanje otvaranja pregovora o pristupu Europskoj uniji za Sjevernu Makedoniju i Albaniju izazvalo negodovanje u Bruxellesu i Berlinu, a sada i sljede\u0107i \u0161ok iz Pariza:\u00a0Macronov &#8220;non-paper&#8221;. Tim dokumentom francuski predsjednik, kako prenose njema\u010dki mediji, zahtijeva jo\u0161 stro\u017ee uvjete za EU-\u010dlanstvo, pa i sankcije u slu\u010daju da reforme ne napreduju po dogovoru. [&hellip;]<\/p>\n","protected":false},"author":59,"featured_media":15359,"comment_status":"open","ping_status":"closed","sticky":false,"template":"","format":"standard","meta":{"inline_featured_image":false,"footnotes":""},"categories":[41],"tags":[],"class_list":{"0":"post-15358","1":"post","2":"type-post","3":"status-publish","4":"format-standard","5":"has-post-thumbnail","7":"category-svijet"},"acf":[],"_links":{"self":[{"href":"https:\/\/tvsensor.com\/api\/wp\/v2\/posts\/15358","targetHints":{"allow":["GET"]}}],"collection":[{"href":"https:\/\/tvsensor.com\/api\/wp\/v2\/posts"}],"about":[{"href":"https:\/\/tvsensor.com\/api\/wp\/v2\/types\/post"}],"author":[{"embeddable":true,"href":"https:\/\/tvsensor.com\/api\/wp\/v2\/users\/59"}],"replies":[{"embeddable":true,"href":"https:\/\/tvsensor.com\/api\/wp\/v2\/comments?post=15358"}],"version-history":[{"count":1,"href":"https:\/\/tvsensor.com\/api\/wp\/v2\/posts\/15358\/revisions"}],"predecessor-version":[{"id":15360,"href":"https:\/\/tvsensor.com\/api\/wp\/v2\/posts\/15358\/revisions\/15360"}],"wp:featuredmedia":[{"embeddable":true,"href":"https:\/\/tvsensor.com\/api\/wp\/v2\/media\/15359"}],"wp:attachment":[{"href":"https:\/\/tvsensor.com\/api\/wp\/v2\/media?parent=15358"}],"wp:term":[{"taxonomy":"category","embeddable":true,"href":"https:\/\/tvsensor.com\/api\/wp\/v2\/categories?post=15358"},{"taxonomy":"post_tag","embeddable":true,"href":"https:\/\/tvsensor.com\/api\/wp\/v2\/tags?post=15358"}],"curies":[{"name":"wp","href":"https:\/\/api.w.org\/{rel}","templated":true}]}}