{"id":15355,"date":"2019-11-20T12:53:14","date_gmt":"2019-11-20T11:53:14","guid":{"rendered":"https:\/\/senzor.ba\/?p=15355"},"modified":"2024-01-15T21:44:06","modified_gmt":"2024-01-15T20:44:06","slug":"sabina-cudic-sve-objavila-dan-i-noc-vezani-za-radijatore-psihicki-kopne-djeca-zive-u-sokantnim-uslovima-video","status":"publish","type":"post","link":"https:\/\/tvsensor.com\/clanak\/sabina-cudic-sve-objavila-dan-i-noc-vezani-za-radijatore-psihicki-kopne-djeca-zive-u-sokantnim-uslovima-video\/","title":{"rendered":"Sabina \u0106udi\u0107 sve objavila: Dan i no\u0107 vezani za radijatore, psihi\u010dki kopne, djeca \u017eive u \u0161okantnim uslovima (VIDEO)"},"content":{"rendered":"<p>Na dana\u0161njoj press konferenciji u Predstavni\u010dkom domu PFBiH zastupnica<strong>\u00a0\u0106udi\u0107\u00a0<\/strong>prezentirala je \u0161okantne detalje o tretmanu \u0161ti\u0107enika, a posebno djece u Zavodu za zbrinjavanje mentalno invalidne djece i omladine Pazari\u0107.<\/p>\n<p>Na fotografijama koje je dostavila medijima vidi se kako su djeca vezana za namje\u0161taj i radijatore.<\/p>\n<div class=\"e-embed js-lightbox-gallery\" data-gallery-id=\"33122\"><a class=\"js-lightbox-item\" title=\"\" href=\"https:\/\/storage.face.ba\/image\/40985\/1280x880\/5dd5017f-d710-4c05-b6d4-78990a0a0a78-pazaric-1-previewOrg.jpg\" data-image-date=\"20. 11. 2019. u 11:15\" data-image-id=\"40985\" data-fb-share-url=\"https:\/\/www.facebook.com\/sharer\/sharer.php?u=https:\/\/www.face.ba\/vijesti\/bih\/sabina-cudic-sve-objavila-dan-i-noc-vezani-za-radijatore-psihicki-kopne-djeca-zive-u-sokantnim-uslovima\/33122\" data-twitter-share-url=\"https:\/\/twitter.com\/home?status=https:\/\/www.face.ba\/vijesti\/bih\/sabina-cudic-sve-objavila-dan-i-noc-vezani-za-radijatore-psihicki-kopne-djeca-zive-u-sokantnim-uslovima\/33122\" data-google-plus-share-url=\"https:\/\/plus.google.com\/share?url=https:\/\/www.face.ba\/vijesti\/bih\/sabina-cudic-sve-objavila-dan-i-noc-vezani-za-radijatore-psihicki-kopne-djeca-zive-u-sokantnim-uslovima\/33122\" data-viber-share-url=\"https:\/\/www.face.ba\/vijesti\/bih\/sabina-cudic-sve-objavila-dan-i-noc-vezani-za-radijatore-psihicki-kopne-djeca-zive-u-sokantnim-uslovima\/33122\" data-whatsapp-share-url=\"https:\/\/www.face.ba\/vijesti\/bih\/sabina-cudic-sve-objavila-dan-i-noc-vezani-za-radijatore-psihicki-kopne-djeca-zive-u-sokantnim-uslovima\/33122\"><img decoding=\"async\" class=\"img-responsive\" title=\"\" src=\"https:\/\/storage.face.ba\/image\/40985\/original\/5dd5017f-d710-4c05-b6d4-78990a0a0a78-pazaric-1-previewOrg.jpg\" alt=\" - Sabina \u0106udi\u0107 sve objavila: Dan i no\u0107 vezani za radijatore, psihi\u010dki kopne, djeca \u017eive u \u0161okantnim uslovima\" \/><\/a><\/div>\n<div class=\"e-image-source\"><\/div>\n<div class=\"e-image-source\">Nekima su ruke vezane iza le\u0111a, mnoga djeca u takvom polo\u017eaju provode ve\u0107i dio dana i \u010ditavu no\u0107, te su zbog takvog tretmana kod njih zabilje\u017eene fizi\u010dke povrede i pogor\u0161ano psihi\u010dko stanje.<\/div>\n<div class=\"e-image-source\"><\/div>\n<div class=\"e-image-source\">\n<div class=\"e-embed js-lightbox-gallery\" data-gallery-id=\"33122\"><a class=\"js-lightbox-item\" title=\"\" href=\"https:\/\/storage.face.ba\/image\/40986\/1280x880\/5dd501e8-d81c-454e-a5e2-78180a0a0a78-pazaric-4-final-previewOrg.jpg\" data-image-date=\"20. 11. 2019. u 11:15\" data-image-id=\"40986\" data-fb-share-url=\"https:\/\/www.facebook.com\/sharer\/sharer.php?u=https:\/\/www.face.ba\/vijesti\/bih\/sabina-cudic-sve-objavila-dan-i-noc-vezani-za-radijatore-psihicki-kopne-djeca-zive-u-sokantnim-uslovima\/33122\" data-twitter-share-url=\"https:\/\/twitter.com\/home?status=https:\/\/www.face.ba\/vijesti\/bih\/sabina-cudic-sve-objavila-dan-i-noc-vezani-za-radijatore-psihicki-kopne-djeca-zive-u-sokantnim-uslovima\/33122\" data-google-plus-share-url=\"https:\/\/plus.google.com\/share?url=https:\/\/www.face.ba\/vijesti\/bih\/sabina-cudic-sve-objavila-dan-i-noc-vezani-za-radijatore-psihicki-kopne-djeca-zive-u-sokantnim-uslovima\/33122\" data-viber-share-url=\"https:\/\/www.face.ba\/vijesti\/bih\/sabina-cudic-sve-objavila-dan-i-noc-vezani-za-radijatore-psihicki-kopne-djeca-zive-u-sokantnim-uslovima\/33122\" data-whatsapp-share-url=\"https:\/\/www.face.ba\/vijesti\/bih\/sabina-cudic-sve-objavila-dan-i-noc-vezani-za-radijatore-psihicki-kopne-djeca-zive-u-sokantnim-uslovima\/33122\"><img decoding=\"async\" class=\"img-responsive\" title=\"\" src=\"https:\/\/storage.face.ba\/image\/40986\/original\/5dd501e8-d81c-454e-a5e2-78180a0a0a78-pazaric-4-final-previewOrg.jpg\" alt=\" - Sabina \u0106udi\u0107 sve objavila: Dan i no\u0107 vezani za radijatore, psihi\u010dki kopne, djeca \u017eive u \u0161okantnim uslovima\" \/><\/a><\/div>\n<div class=\"e-image-source\"><\/div>\n<div class=\"e-image-source\">\u201eNakon \u0161to sam Vladi i resornom ministarstvu uputila zahtjev za hitnom smjenom \u010dlanova i \u010dlanica UO i NO koji su ostali iz pro\u0161log saziva te nakon \u0161to Odbor za rad i socijalnu za\u0161titu Predstavni\u010dkog doma PFBiH uslijed nedostatka kvoruma nije mogao razmatrati podnesene materijale, odlu\u010dila sam se da danas Parlament i javnost upoznam sa dokazima o stravi\u010dnom tretmanu \u0161ti\u0107enika.<\/div>\n<div class=\"e-image-source\"><\/div>\n<div class=\"e-image-source\">\n<div class=\"e-embed js-lightbox-gallery\" data-gallery-id=\"33122\"><a class=\"js-lightbox-item\" title=\"\" href=\"https:\/\/storage.face.ba\/image\/40987\/1280x880\/5dd50189-1f2c-447b-ba99-78980a0a0a78-pazaric-2-previewOrg.jpg\" data-image-date=\"20. 11. 2019. u 11:15\" data-image-id=\"40987\" data-fb-share-url=\"https:\/\/www.facebook.com\/sharer\/sharer.php?u=https:\/\/www.face.ba\/vijesti\/bih\/sabina-cudic-sve-objavila-dan-i-noc-vezani-za-radijatore-psihicki-kopne-djeca-zive-u-sokantnim-uslovima\/33122\" data-twitter-share-url=\"https:\/\/twitter.com\/home?status=https:\/\/www.face.ba\/vijesti\/bih\/sabina-cudic-sve-objavila-dan-i-noc-vezani-za-radijatore-psihicki-kopne-djeca-zive-u-sokantnim-uslovima\/33122\" data-google-plus-share-url=\"https:\/\/plus.google.com\/share?url=https:\/\/www.face.ba\/vijesti\/bih\/sabina-cudic-sve-objavila-dan-i-noc-vezani-za-radijatore-psihicki-kopne-djeca-zive-u-sokantnim-uslovima\/33122\" data-viber-share-url=\"https:\/\/www.face.ba\/vijesti\/bih\/sabina-cudic-sve-objavila-dan-i-noc-vezani-za-radijatore-psihicki-kopne-djeca-zive-u-sokantnim-uslovima\/33122\" data-whatsapp-share-url=\"https:\/\/www.face.ba\/vijesti\/bih\/sabina-cudic-sve-objavila-dan-i-noc-vezani-za-radijatore-psihicki-kopne-djeca-zive-u-sokantnim-uslovima\/33122\"><img decoding=\"async\" class=\"img-responsive\" src=\"https:\/\/storage.face.ba\/image\/40987\/original\/5dd50189-1f2c-447b-ba99-78980a0a0a78-pazaric-2-previewOrg.jpg\" alt=\" - Sabina \u0106udi\u0107 sve objavila: Dan i no\u0107 vezani za radijatore, psihi\u010dki kopne, djeca \u017eive u \u0161okantnim uslovima\" \/><\/a><\/div>\n<div class=\"e-image-source\"><\/div>\n<div class=\"e-image-source\">Dio dokaza javnosti je poznat i kroz zvani\u010dni zapisnik Poreske uprave FBiH o zloupotrebi sredstava namijenjenih \u0161ti\u0107enicima, ali ove fotografije dodatno govore o obimu tragedije koja se de\u0161ava ovoj djeci.<\/div>\n<div class=\"e-image-source\"><\/div>\n<div class=\"e-image-source\">\n<div class=\"e-embed js-lightbox-gallery\" data-gallery-id=\"33122\"><a class=\"js-lightbox-item\" title=\"\" href=\"https:\/\/storage.face.ba\/image\/40988\/1280x880\/5dd50193-3320-446a-8ebe-78240a0a0a78-pazaric-3-previewOrg.jpg\" data-image-date=\"20. 11. 2019. u 11:15\" data-image-id=\"40988\" data-fb-share-url=\"https:\/\/www.facebook.com\/sharer\/sharer.php?u=https:\/\/www.face.ba\/vijesti\/bih\/sabina-cudic-sve-objavila-dan-i-noc-vezani-za-radijatore-psihicki-kopne-djeca-zive-u-sokantnim-uslovima\/33122\" data-twitter-share-url=\"https:\/\/twitter.com\/home?status=https:\/\/www.face.ba\/vijesti\/bih\/sabina-cudic-sve-objavila-dan-i-noc-vezani-za-radijatore-psihicki-kopne-djeca-zive-u-sokantnim-uslovima\/33122\" data-google-plus-share-url=\"https:\/\/plus.google.com\/share?url=https:\/\/www.face.ba\/vijesti\/bih\/sabina-cudic-sve-objavila-dan-i-noc-vezani-za-radijatore-psihicki-kopne-djeca-zive-u-sokantnim-uslovima\/33122\" data-viber-share-url=\"https:\/\/www.face.ba\/vijesti\/bih\/sabina-cudic-sve-objavila-dan-i-noc-vezani-za-radijatore-psihicki-kopne-djeca-zive-u-sokantnim-uslovima\/33122\" data-whatsapp-share-url=\"https:\/\/www.face.ba\/vijesti\/bih\/sabina-cudic-sve-objavila-dan-i-noc-vezani-za-radijatore-psihicki-kopne-djeca-zive-u-sokantnim-uslovima\/33122\"><img decoding=\"async\" class=\"img-responsive\" src=\"https:\/\/storage.face.ba\/image\/40988\/original\/5dd50193-3320-446a-8ebe-78240a0a0a78-pazaric-3-previewOrg.jpg\" alt=\" - Sabina \u0106udi\u0107 sve objavila: Dan i no\u0107 vezani za radijatore, psihi\u010dki kopne, djeca \u017eive u \u0161okantnim uslovima\" \/><\/a><\/div>\n<div class=\"e-image-source\">\n<p>Neophodno je da se danas Predstavni\u010dki dom hitno izjasni te od nadle\u017enog Ministarstva tra\u017ei razrje\u0161enje du\u017enosti \u010dlanova iz UO i NO koji su iz pro\u0161log saziva. Tu\u017eila\u0161tvo mora ubrzati istra\u017ene radnje. Danas \u0107u u proceduru uputiti usvajanje sljede\u0107ih zaklju\u010daka:<\/p>\n<p>&#8211; Hitno zaustavljanje zlostavljanja djece i svih \u0161ti\u0107enika zavoda;<br \/>\n&#8211; Izrada kodeksa postupanja sa \u0161ti\u0107enicima;<br \/>\n&#8211; Redovne nenajavljene inspekcije;<br \/>\n&#8211; Izdvajanje hitnih interventnih sredstava za privremeno upo\u0161ljavanje njegovatelja do izrade novih<br \/>\nzakonskih rje\u0161enja;<br \/>\n&#8211; Ministarstvo rada i socijalne politike u saradnji s Ministarstvom zdravstva imenuje ljekarski tim koji<br \/>\n\u0107e izvr\u0161iti reviziju dijagnoza i uvesti redovne doktorske preglede.<\/p>\n<p>Tra\u017eim da resorno ministarstvo nakon 90 dana od usvojenih zaklju\u010daka podnese detaljan izvje\u0161taj o sprovedenim mjerama\u201c, rekla je \u0106udi\u0107.<\/p>\n<p><a href=\"https:\/\/www.facebook.com\/depo.portal\/videos\/550367082198354\/\">https:\/\/www.facebook.com\/depo.portal\/videos\/550367082198354\/<\/a><\/p>\n<p><a href=\"https:\/\/www.face.ba\/vijesti\/bih\/sabina-cudic-sve-objavila-dan-i-noc-vezani-za-radijatore-psihicki-kopne-djeca-zive-u-sokantnim-uslovima\/33122\">face.ba<\/a><\/p>\n<\/div>\n<\/div>\n<\/div>\n<\/div>\n","protected":false},"excerpt":{"rendered":"<p>Na dana\u0161njoj press konferenciji u Predstavni\u010dkom domu PFBiH zastupnica\u00a0\u0106udi\u0107\u00a0prezentirala je \u0161okantne detalje o tretmanu \u0161ti\u0107enika, a posebno djece u Zavodu za zbrinjavanje mentalno invalidne djece i omladine Pazari\u0107. Na fotografijama koje je dostavila medijima vidi se kako su djeca vezana za namje\u0161taj i radijatore. Nekima su ruke vezane iza le\u0111a, mnoga djeca u takvom polo\u017eaju [&hellip;]<\/p>\n","protected":false},"author":59,"featured_media":15356,"comment_status":"open","ping_status":"closed","sticky":false,"template":"","format":"standard","meta":{"inline_featured_image":false,"footnotes":""},"categories":[38],"tags":[],"class_list":{"0":"post-15355","1":"post","2":"type-post","3":"status-publish","4":"format-standard","5":"has-post-thumbnail","7":"category-vijesti-iz-bih"},"acf":[],"_links":{"self":[{"href":"https:\/\/tvsensor.com\/api\/wp\/v2\/posts\/15355","targetHints":{"allow":["GET"]}}],"collection":[{"href":"https:\/\/tvsensor.com\/api\/wp\/v2\/posts"}],"about":[{"href":"https:\/\/tvsensor.com\/api\/wp\/v2\/types\/post"}],"author":[{"embeddable":true,"href":"https:\/\/tvsensor.com\/api\/wp\/v2\/users\/59"}],"replies":[{"embeddable":true,"href":"https:\/\/tvsensor.com\/api\/wp\/v2\/comments?post=15355"}],"version-history":[{"count":1,"href":"https:\/\/tvsensor.com\/api\/wp\/v2\/posts\/15355\/revisions"}],"predecessor-version":[{"id":15357,"href":"https:\/\/tvsensor.com\/api\/wp\/v2\/posts\/15355\/revisions\/15357"}],"wp:featuredmedia":[{"embeddable":true,"href":"https:\/\/tvsensor.com\/api\/wp\/v2\/media\/15356"}],"wp:attachment":[{"href":"https:\/\/tvsensor.com\/api\/wp\/v2\/media?parent=15355"}],"wp:term":[{"taxonomy":"category","embeddable":true,"href":"https:\/\/tvsensor.com\/api\/wp\/v2\/categories?post=15355"},{"taxonomy":"post_tag","embeddable":true,"href":"https:\/\/tvsensor.com\/api\/wp\/v2\/tags?post=15355"}],"curies":[{"name":"wp","href":"https:\/\/api.w.org\/{rel}","templated":true}]}}