{"id":15352,"date":"2019-11-20T10:20:27","date_gmt":"2019-11-20T09:20:27","guid":{"rendered":"https:\/\/senzor.ba\/?p=15352"},"modified":"2024-01-15T21:44:06","modified_gmt":"2024-01-15T20:44:06","slug":"sadzida-dedic-uz-jutarnju-kafu-neobjavljeni-stihovi-idriza-dzajica","status":"publish","type":"post","link":"https:\/\/tvsensor.com\/clanak\/sadzida-dedic-uz-jutarnju-kafu-neobjavljeni-stihovi-idriza-dzajica\/","title":{"rendered":"Sad\u017eida Dedi\u0107: UZ JUTARNJU KAFU \/ NEOBJAVLJENI STIHOVI IDRIZA D\u017dAJI\u0106A"},"content":{"rendered":"<p>Ugodne trenutke vam \u017eelim uz stihove Idriza D\u017eaji\u0107a!<\/p>\n<p>IDRIZ D\u017dAJI\u0106<\/p>\n<p><em>TRA\u017dIM DAN<\/em><\/p>\n<p>Svjetlosti mi dajte,<br \/>\nZlata mi ne dajte.<br \/>\nJutro od zavjesa ne mo\u017ee pro\u0107i<br \/>\nI ro\u017enja\u010da plovi tamnim rubom,<br \/>\nPa kome da ostavim ovo potplani\u0161te<br \/>\nDok se ne pojavi svjetionik \u0161to treba do\u0107i.<\/p>\n<p>Sedam sam godina tra\u017eio taj san,<br \/>\nSedam godina kleo se u rije\u010d,<br \/>\n\u0160to se u nit nevidljivu skrila.<br \/>\nKao ptica poslije po\u017eara \u0161ume<br \/>\nSavijam tugu u pjesmu,<br \/>\nHo\u0107u da poletim, a oduzela mu se krila.<\/p>\n<p>No\u0107 me je nau\u010dila da tra\u017eim dan<br \/>\n\u0160to se negdje zadanio pa danuje,<br \/>\nPreostalo sve su ljudi izmislili.<br \/>\nJednom sivom krugu gore u visini,<br \/>\nSvjetlo\u0161\u0107u prijetim do nesvijesti<br \/>\nJer na jugu moga \u010dela<br \/>\nIzrasta plamen ljetne blagovijesti.<\/p>\n<p>Ovdje je podno\u017eje.<br \/>\nI neka je brijeg za brijegom,<br \/>\nKad osvojimo nebo u oku velikog dana,<br \/>\nSvima \u0107e sunce da sudi,<br \/>\nOd njega \u0107emo stvarati sun\u010danu djecu<br \/>\nGdje ste ljudi!<\/p>\n<p>Svjetlosti mi dajte,<br \/>\nZlata mi ne dajte.<br \/>\nMami me zvijezda sjajnim letom;<br \/>\nTo u meni se budi jedna zora<br \/>\nZa jednom drugom zorom i njenim suncokretom.<\/p>\n<p>Izvor: Vipromo.ba<\/p>\n","protected":false},"excerpt":{"rendered":"<p>Ugodne trenutke vam \u017eelim uz stihove Idriza D\u017eaji\u0107a! IDRIZ D\u017dAJI\u0106 TRA\u017dIM DAN Svjetlosti mi dajte, Zlata mi ne dajte. Jutro od zavjesa ne mo\u017ee pro\u0107i I ro\u017enja\u010da plovi tamnim rubom, Pa kome da ostavim ovo potplani\u0161te Dok se ne pojavi svjetionik \u0161to treba do\u0107i. Sedam sam godina tra\u017eio taj san, Sedam godina kleo se u [&hellip;]<\/p>\n","protected":false},"author":7,"featured_media":15353,"comment_status":"open","ping_status":"closed","sticky":false,"template":"","format":"standard","meta":{"inline_featured_image":false,"footnotes":""},"categories":[49,46],"tags":[],"class_list":{"0":"post-15352","1":"post","2":"type-post","3":"status-publish","4":"format-standard","5":"has-post-thumbnail","7":"category-knjizevni-kutak","8":"category-kultura"},"acf":[],"_links":{"self":[{"href":"https:\/\/tvsensor.com\/api\/wp\/v2\/posts\/15352","targetHints":{"allow":["GET"]}}],"collection":[{"href":"https:\/\/tvsensor.com\/api\/wp\/v2\/posts"}],"about":[{"href":"https:\/\/tvsensor.com\/api\/wp\/v2\/types\/post"}],"author":[{"embeddable":true,"href":"https:\/\/tvsensor.com\/api\/wp\/v2\/users\/7"}],"replies":[{"embeddable":true,"href":"https:\/\/tvsensor.com\/api\/wp\/v2\/comments?post=15352"}],"version-history":[{"count":2,"href":"https:\/\/tvsensor.com\/api\/wp\/v2\/posts\/15352\/revisions"}],"predecessor-version":[{"id":35574,"href":"https:\/\/tvsensor.com\/api\/wp\/v2\/posts\/15352\/revisions\/35574"}],"wp:featuredmedia":[{"embeddable":true,"href":"https:\/\/tvsensor.com\/api\/wp\/v2\/media\/15353"}],"wp:attachment":[{"href":"https:\/\/tvsensor.com\/api\/wp\/v2\/media?parent=15352"}],"wp:term":[{"taxonomy":"category","embeddable":true,"href":"https:\/\/tvsensor.com\/api\/wp\/v2\/categories?post=15352"},{"taxonomy":"post_tag","embeddable":true,"href":"https:\/\/tvsensor.com\/api\/wp\/v2\/tags?post=15352"}],"curies":[{"name":"wp","href":"https:\/\/api.w.org\/{rel}","templated":true}]}}