{"id":15348,"date":"2019-11-20T09:56:55","date_gmt":"2019-11-20T08:56:55","guid":{"rendered":"https:\/\/senzor.ba\/?p=15348"},"modified":"2024-01-15T21:44:07","modified_gmt":"2024-01-15T20:44:07","slug":"u-sarajevskoj-vijecnici-svecano-dodijeljena-knjizevna-nagrada-25-novembar","status":"publish","type":"post","link":"https:\/\/tvsensor.com\/clanak\/u-sarajevskoj-vijecnici-svecano-dodijeljena-knjizevna-nagrada-25-novembar\/","title":{"rendered":"U sarajevskoj Vije\u0107nici sve\u010dano dodijeljena knji\u017eevna nagrada \u201c25. novembar\u201d"},"content":{"rendered":"<p><strong>U sarajevskoj Vije\u0107nici je odr\u017eana sve\u010dana dodjela nagrade \u201c25. novembar\u201d za \u017eivotno djelo iz oblasti knji\u017eevnosti posthumno knji\u017eevniku Tvrtku Kulenovi\u0107u, te, ove godine po prvi put, za knjigu godine knji\u017eevniku Asmiru Kujovi\u0107u, a rije\u010d je o zbirci poezije pod naslovom \u201cNestorov pehar\u201d.<\/strong><\/p>\n<p>Na Dan dr\u017eavnosti Bosne i Hercegovine, po\u010dev\u0161i od 25. novembra 2016. godine, dodjeljuje se knji\u017eevna nagrada \u201c25. novembar\u201d, koju je ustanovio sedmi\u010dni \u010dasopis \u201cStav\u201d, odnosno izdava\u010d \u201cSimurg media\u201d. Ovogodi\u0161nja ceremonija odr\u017eava se pod visokim pokroviteljstvom \u010dlana Predsjedni\u0161tva BiH \u0160efika D\u017eaferovi\u0107a i pokroviteljstvom gradona\u010delnika Grada Sarajeva Abdulaha Skake, a uz podr\u0161ku BBI banke i BZK Preporod.<\/p>\n<p>\u201cDjela autora koji su ve\u010deras nagra\u0111eni svjedo\u010danstvo su o jednom narodu i njegovom opstanku. Jedan od njih, Tvrtko Kulenovi\u0107, vi\u0161e nije s nama, ali \u0107e sigurno njegovo djelo ostati prisutno. Vrlo je va\u017eno i vrijedno \u0161to se ova nagrada vezuje za dr\u017eavni praznik 25. novembar\u201d, kazao je u kratkom obra\u0107anju gradona\u010delnik Sarajeva Abdulah Skaka.<\/p>\n<p>Knji\u017eevnik Tvrtko Kulenovi\u0107 ro\u0111en je 1935. godine u \u0160amcu. Preminuo je 13. aprila 2019. godine, a ve\u010dera\u0161njoj ceremoniji prisustvovale su njegova supruga Alma D\u017eubur Kulenovi\u0107 i k\u0107erka Hana Kulenovi\u0107, koja je i primila nagradu.<\/p>\n<p>Nagrada za knjigu godine dodijeljena je knji\u017eevniku Asmiru Kujovi\u0107u, a rije\u010d je o zbirci poezije pod naslovom \u201cNestorov pehar\u201d.<\/p>\n<p>Kujovi\u0107 je kazao kako mu je velika \u010dast i kako je veoma sretan zbog nagrade, prvenstveno zbog toga \u0161to se u komisiji, koja je odlu\u010divala, nalaze ugledni univerzitetski profesori, knji\u017eevni histori\u010dari, knji\u017eevnici, kriti\u010dari, \u010diji sud i mi\u0161ljenje izuzetno cijeni.<\/p>\n<p>\u201c\u010cast mi je i zbog toga \u0161to ova nagrada nosi naziv po Danu dr\u017eavnosti BiH. Hvala svima\u201d, rekao je Kujovi\u0107.<\/p>\n<p>Statue nagrade 25. novembar rad su akademskog kipara Adisa Luka\u010da.<\/p>\n<p><em><strong>D\u017eaferovi\u0107: Kulenovic je umjetnik koji ve\u0107 odavno pripada svjetskoj riznici<\/strong><\/em><\/p>\n<p>\u010clan Predsjedni\u0161tva BiH \u0160efik D\u017eaferovi\u0107 u obra\u0107anju je kazao kako je BiH kroz svoju bogatu pro\u0161lost bila zemlja izuzetnih pojedinaca na polju knji\u017eevnosti. Takav je, kako je rekao, bio i Tvrtko Kulenovi\u0107, \u010dija se virtuoznost discipliniranost u izrazu mo\u017ee porediti s najvi\u0161im umjetni\u010dkim dometima.<\/p>\n<p>\u201cKulenovi\u0107 je kao i drugi zna\u010dajni predstavnici bh. knji\u017eevnosti iza\u0161ao iz okvira vlastitog umjetni\u010dkog \u017eanra, on je za\u010du\u0111uju\u0107e dobro poznavao literataru, muziku, tradiciju, historiju, ba\u0161 kao i renesansni majstori koji su prvenstveno bili umjetnici, erudite, a tek onda slikari, pjesnici i kompozitori. To su umjetnici koji ve\u0107 odavno pripadaju svjetskoj riznici\u201d, naglasio je D\u017eaferovi\u0107.<\/p>\n<p><strong>Tvrtko Kulenovi\u0107<\/strong><br \/>\nTvrtko Kulenovi\u0107 pisao je romane, putopise, pripovijetke, radiodrame i iza sebe ostavio mnogobrojne knjige: \u201cOdanost jugu\u201d, \u201cPutovanje\u201d, \u201cPejsa\u017ei zrelog doba\u201d, \u201cKaravan\u201d, \u201cKasino\u201d, \u201cMehanika fluida\u201d, \u201c\u010covekova porodica\u201d, \u201cIstorija bolesti\u201d, \u201cJesenja violina\u201d, \u201cMajka voda\u201d, \u201cTrag crne \u017eu\u010di\u201d, \u201cGlasovi\u201d, radiodrame\u2026 Tako\u0111er, Kulenovi\u0107 je pisao knji\u017eevnu kritiku, teorijske knjige i knjige eseja o knji\u017eevnosti i slikarstvu. O va\u017enosti Tvrtka Kulenovi\u0107a za na\u0161u kulturu svjedo\u010de i mnogobrojne nagrade koje je ovaj autor dobio za svoj rad.<\/p>\n<p>Kulenovi\u0107 je predavao na sarajevskom Filozofskom fakultetu i na sarajevskoj Akademiji scenskih umjetnosti, na Akademiji umetnosti u Novom Sadu i Fakultetu dramskih umetnosti u Beogradu. Kao stipendista Fulbrightove fondacije u dva navrata, prvo 1981, a zatim i 1987. godine, predavao je u SAD-u (Rutgers University, University of Florida). Od 1996. do 1999. godine bio je anga\u017eiran kao gostuju\u0107i profesor na projektu Psihijatrija, genocid i svjedo\u010denje na University of Illinois, Chicago. Gdje god da je predavao, Kulenovi\u0107 je bio omiljeni profesor kojeg su studenti izuzetno cijenili.<\/p>\n<p><strong>Asmir Kujovi\u0107<\/strong><br \/>\nAsmir Kujovi\u0107 ro\u0111en je 1973. godine u Novom Pazaru, gdje je zavr\u0161io osnovnu i srednju \u0161kolu. Od 1991. godine \u017eivi u Sarajevu. Diplomirao je na Odsjeku za knji\u017eevnosti naroda BiH na Filozofskom fakultetu u Sarajevu. Objavljivao je u brojnim knji\u017eevnim \u010dasopisima, a radio je i kao novinar. Bio je glavni urednik sarajevskog \u010dasopisa za knji\u017eevnost i kulturu \u201cLica\u201d. Objavio je knjige pjesama \u201cVojni sanovnik\u201d (1997), \u201cZagrobni \u017eivot\u201d (2000), Vidikovac (2014.) i \u201cNestorov pehar\u201d (2019), te roman \u201cKo je zgazio gospo\u0111u Mjesec\u201d (2002).<\/p>\n<p>Kako su organizatori najavili, nagrada se u ovoj godini \u0161iri i u kategoriji za neobjavljeni rukopis mladoga pisca koju \u0107e sedmi\u010dnik \u201cStav\u201d realizirati u saradnji sa izdava\u010dkom ku\u0107om \u201cDobra knjiga\u201d. Sedmi\u010dnik Stav \u0107e povodom 25. novembra raspisati natje\u010daj, a \u017eelja je da se nakon provedenog natje\u010daja nagrada dodjeljuje na 1. mart, Dan nezavisnosti Bosne i Hercegovine. Na taj na\u010din pokreta\u010d nagrade \u017eeli kroz kulturu povezati dva najbitna datuma za dr\u017eavu BiH.<\/p>\n<p>Izvor: BHRT<\/p>\n","protected":false},"excerpt":{"rendered":"<p>U sarajevskoj Vije\u0107nici je odr\u017eana sve\u010dana dodjela nagrade \u201c25. novembar\u201d za \u017eivotno djelo iz oblasti knji\u017eevnosti posthumno knji\u017eevniku Tvrtku Kulenovi\u0107u, te, ove godine po prvi put, za knjigu godine knji\u017eevniku Asmiru Kujovi\u0107u, a rije\u010d je o zbirci poezije pod naslovom \u201cNestorov pehar\u201d. Na Dan dr\u017eavnosti Bosne i Hercegovine, po\u010dev\u0161i od 25. novembra 2016. godine, dodjeljuje [&hellip;]<\/p>\n","protected":false},"author":59,"featured_media":15349,"comment_status":"open","ping_status":"closed","sticky":false,"template":"","format":"standard","meta":{"inline_featured_image":false,"footnotes":""},"categories":[49,46],"tags":[],"class_list":{"0":"post-15348","1":"post","2":"type-post","3":"status-publish","4":"format-standard","5":"has-post-thumbnail","7":"category-knjizevni-kutak","8":"category-kultura"},"acf":[],"_links":{"self":[{"href":"https:\/\/tvsensor.com\/api\/wp\/v2\/posts\/15348","targetHints":{"allow":["GET"]}}],"collection":[{"href":"https:\/\/tvsensor.com\/api\/wp\/v2\/posts"}],"about":[{"href":"https:\/\/tvsensor.com\/api\/wp\/v2\/types\/post"}],"author":[{"embeddable":true,"href":"https:\/\/tvsensor.com\/api\/wp\/v2\/users\/59"}],"replies":[{"embeddable":true,"href":"https:\/\/tvsensor.com\/api\/wp\/v2\/comments?post=15348"}],"version-history":[{"count":1,"href":"https:\/\/tvsensor.com\/api\/wp\/v2\/posts\/15348\/revisions"}],"predecessor-version":[{"id":15350,"href":"https:\/\/tvsensor.com\/api\/wp\/v2\/posts\/15348\/revisions\/15350"}],"wp:featuredmedia":[{"embeddable":true,"href":"https:\/\/tvsensor.com\/api\/wp\/v2\/media\/15349"}],"wp:attachment":[{"href":"https:\/\/tvsensor.com\/api\/wp\/v2\/media?parent=15348"}],"wp:term":[{"taxonomy":"category","embeddable":true,"href":"https:\/\/tvsensor.com\/api\/wp\/v2\/categories?post=15348"},{"taxonomy":"post_tag","embeddable":true,"href":"https:\/\/tvsensor.com\/api\/wp\/v2\/tags?post=15348"}],"curies":[{"name":"wp","href":"https:\/\/api.w.org\/{rel}","templated":true}]}}