{"id":15341,"date":"2019-11-20T09:48:33","date_gmt":"2019-11-20T08:48:33","guid":{"rendered":"https:\/\/senzor.ba\/?p=15341"},"modified":"2024-01-15T21:44:07","modified_gmt":"2024-01-15T20:44:07","slug":"lukavicki-sajam-turizma-prilika-za-promociju-i-poslovno-povezivanje","status":"publish","type":"post","link":"https:\/\/tvsensor.com\/clanak\/lukavicki-sajam-turizma-prilika-za-promociju-i-poslovno-povezivanje\/","title":{"rendered":"Lukavi\u010dki sajam turizma prilika za promociju i poslovno povezivanje"},"content":{"rendered":"<p>Organizatori jedne od najzna\u010dajnijih turisti\u010dkih manifestacija u Bosni i Hercegovini, Me\u0111unarodnog sajma turizma i ekologije \u2013 LIST Lukavac, \u010dije \u0107e 18. izdanje biti odr\u017eano naredne godine u maju, o\u010dekuju da \u0107e taj sajam prema\u0161iti prethodni po broju izlaga\u010da, zemalja u\u010desnica, prate\u0107ih manifestacija i posjetilaca.<\/p>\n<p>U Privrednoj komori Federacije BiH u Sarajevu danas je predstavljen taj sajam \u010diji je fokus i dalje, uz mno\u0161tvo sadr\u017eaja, na poslovnim susretima i povezivanju izlaga\u010da i drugih u\u010desnika, prezentaciji njihovih ponuda, proizvoda i usluga.<\/p>\n<p><strong>Predsjednik Organizacionog odbora Aziz \u010ca\u010dkovi\u0107 je kazao da je Lukava\u010dki sajam mjesto i prilika da se prezentuju turisti\u010dki potencijali, kako Tuzlanskog kantona, tako i BiH, ali i \u0161ireg regiona.Trodnevne aktivnosti sajma su vrlo dinami\u010dne i raznovrsne. Pored klasi\u010dnog sajamskog dijela ponude i potra\u017enje u oblasti turizma i ekologije, posvetili smo se i stru\u010dnom edukativnom dijelu. Ve\u0107 17 godina u okviru sajma se odr\u017eava tradicionalno takmi\u010denje turisti\u010dko ugostiteljskih \u0161kola koje svake godine okupi po desetak \u0161kola iz regiona, a znamo da je ugostiteljstvo temelj dobrog i uspje\u0161nog turizma. Pored toga razli\u010ditim stru\u010dnim panelima i predavanjima nastojimo prenijeti pozitivne primjere u razvoju turizma, a kao jedan od glavnih sadr\u017eaja sajma je festival hrane i pi\u0107a kao odraz tradicije na\u0161eg naroda i kvalitetne kuhinje. Tu je i zabavni karakter sajma, otvoreni koncerti popularnih zvijezda itd. \u2013 izjavio je \u010ca\u010dkovi\u0107.<\/strong><\/p>\n<p>Privredna komora FBiH je, prema rije\u010dima potpredsjednika Marka \u0160anti\u0107a, u jednom velikom projektu promocije bh. proizvoda, ponude i usluge u \u010ditavoj BiH, prepoznala i ovaj 18. Lukava\u010dki sajam turizma i ekologije.<\/p>\n<p><strong>Danas je trend u svijetu putovanje, vi\u0161e od milijardu i tristo miliona ljudi danas u svijetu putuje. Turizam je jedina grana koja od 1950. godine u kontinuitetu raste izme\u0111u 2,5 do 4,5 posto. BiH je jedna mikro destinacija koja ima velike perspektive za tu privrednu granu i na\u0161a komora je to prepoznala, te smo ovaj sajam stavili u na\u0161 kalendar sajmova, podupiremo ga ne samo finansijski, nego i u stru\u010dnom dijelu \u2013 kazao je \u0160anti\u0107.<\/strong><\/p>\n<p>Podsjetio je da su pro\u0161le godine utemeljili nagradu \u201eZvijezda turizma BiH\u201c sa \u010dime nastavljaju i ove godine, tako da i u tom pravcu ovom sajmu i turizmu u BiH daju jednu novu dimenziju.<\/p>\n<p><strong>Komora FBiH radi zajedno sa komorama Srbije i Crne Gore na jednom zajedni\u010dkom turisti\u010dkom proizvodu ove regije za kinesko tr\u017ei\u0161te, prekoatlantske zemlje i drugo tako da se ovaj sajam dobro uklapa u na\u0161u mapu \u2013 kazaoa je \u0160anti\u0107.<\/strong><\/p>\n<p>U Vladi Tuzlanskog kantona, kako je kazao ministar trgovine, turizma i saobra\u0107aja TK Edin Bu\u0161evac, prepoznali su zna\u010daj tog sajama i dugi niz godina u\u010destvuju u njegovoj realizaciji.<\/p>\n<p><strong>Smatramo da je turizam jedna od najzna\u010dajnijih razvojnih grana u TK i BiH. Nastojat \u0107emo kroz neke infrastrukturne projekte doprinijeti njegovom razvoju sa \u010dime ide i razvoj ugostiteljstva i druge djelatnosti \u2013 kazao je Bu\u0161evac dodaju\u0107i da je u TK nastavljen trend pove\u0107anja broja turista i no\u0107enja, kako doma\u0107ih tako i stranih.<\/strong><\/p>\n<p>Na\u010delnik Op\u0107ine Lukavac Edin Deli\u0107 je kazao da je Lukavac sredina sa mo\u017eda najve\u0107im problemima u dr\u017eavi, ali sa najve\u0107im razvojnim \u0161ansama.<\/p>\n<p><strong>Sajam turizma i ekologije je na neki na\u010din manifestacija putem koje mi nastojimo rije\u0161iti i ono \u0161to nas najvi\u0161e mori, a to su u prvom redu nezdrava okolina i zaga\u0111enje koja su i dalje prisutna u Lukavcu, a sa druge strane delegiramo Lukavac kao sredinu u kojoj se itekako mogu ostvariti pomaci u obasti turizma. Mi smo sebi postavili zadatak koji realiziramo, da u periodu od \u010detiri godine koliko traje ovaj mandat, otvorimo u novim fabrikama koje \u0107e biti okolinski prihvatljive, ve\u0107i broj radnih mjesta nego \u0161to to imamo danas u tri fabrike koje u Lukavcu u najve\u0107oj mjeri zaga\u0111uju \u2013 kazao je Deli\u0107.<\/strong><\/p>\n<p>Dodao je da Lukavac ima povoljan geografski polo\u017eaj i razvijene turisti\u010dke kapacitete, te da je velik broj onih koji ga posje\u0107uju, posebno onih koji se okupljaju poslovno ili na razli\u010ditim kongresnim aktivnostima.<\/p>\n<p><strong>Nije malo sredstava koliko mi izdvojimo da se ova manifestacija odr\u017ei i milim da se ta sredstva vi\u0161estruko vra\u0107aju u direktnim i indirektnim koristima lokalnoj zajednici. Na\u0161e je opredjeljenje da sajam za svoje \u2018punoljetstvo\u2019 pomjeri granice u svakom segmentu, posje\u0107enosti, broja izlaga\u010da i sadr\u017eaja \u2013 dodao je Deli\u0107.<\/strong><\/p>\n<p>Izvor: <a href=\"http:\/\/fena.ba\">FENA<\/a><\/p>\n","protected":false},"excerpt":{"rendered":"<p>Organizatori jedne od najzna\u010dajnijih turisti\u010dkih manifestacija u Bosni i Hercegovini, Me\u0111unarodnog sajma turizma i ekologije \u2013 LIST Lukavac, \u010dije \u0107e 18. izdanje biti odr\u017eano naredne godine u maju, o\u010dekuju da \u0107e taj sajam prema\u0161iti prethodni po broju izlaga\u010da, zemalja u\u010desnica, prate\u0107ih manifestacija i posjetilaca. U Privrednoj komori Federacije BiH u Sarajevu danas je predstavljen taj [&hellip;]<\/p>\n","protected":false},"author":59,"featured_media":15342,"comment_status":"open","ping_status":"closed","sticky":false,"template":"","format":"standard","meta":{"inline_featured_image":false,"footnotes":""},"categories":[43,42],"tags":[],"class_list":{"0":"post-15341","1":"post","2":"type-post","3":"status-publish","4":"format-standard","5":"has-post-thumbnail","7":"category-bih","8":"category-ekonomija"},"acf":[],"_links":{"self":[{"href":"https:\/\/tvsensor.com\/api\/wp\/v2\/posts\/15341","targetHints":{"allow":["GET"]}}],"collection":[{"href":"https:\/\/tvsensor.com\/api\/wp\/v2\/posts"}],"about":[{"href":"https:\/\/tvsensor.com\/api\/wp\/v2\/types\/post"}],"author":[{"embeddable":true,"href":"https:\/\/tvsensor.com\/api\/wp\/v2\/users\/59"}],"replies":[{"embeddable":true,"href":"https:\/\/tvsensor.com\/api\/wp\/v2\/comments?post=15341"}],"version-history":[{"count":2,"href":"https:\/\/tvsensor.com\/api\/wp\/v2\/posts\/15341\/revisions"}],"predecessor-version":[{"id":15344,"href":"https:\/\/tvsensor.com\/api\/wp\/v2\/posts\/15341\/revisions\/15344"}],"wp:featuredmedia":[{"embeddable":true,"href":"https:\/\/tvsensor.com\/api\/wp\/v2\/media\/15342"}],"wp:attachment":[{"href":"https:\/\/tvsensor.com\/api\/wp\/v2\/media?parent=15341"}],"wp:term":[{"taxonomy":"category","embeddable":true,"href":"https:\/\/tvsensor.com\/api\/wp\/v2\/categories?post=15341"},{"taxonomy":"post_tag","embeddable":true,"href":"https:\/\/tvsensor.com\/api\/wp\/v2\/tags?post=15341"}],"curies":[{"name":"wp","href":"https:\/\/api.w.org\/{rel}","templated":true}]}}