{"id":15336,"date":"2019-11-19T17:17:00","date_gmt":"2019-11-19T16:17:00","guid":{"rendered":"https:\/\/senzor.ba\/?p=15336"},"modified":"2024-01-15T21:44:07","modified_gmt":"2024-01-15T20:44:07","slug":"instagram-zapoceo-testiranje-skrivanja-broja-lajkova-sirom-svijeta","status":"publish","type":"post","link":"https:\/\/tvsensor.com\/clanak\/instagram-zapoceo-testiranje-skrivanja-broja-lajkova-sirom-svijeta\/","title":{"rendered":"Instagram zapo\u010deo testiranje skrivanja broja lajkova \u0161irom svijeta"},"content":{"rendered":"<p><strong>Od \u010detvrtka, odre\u0111eni korisnici vi\u0161e ne\u0107e mo\u0107i vidjeti broj lajkova na fotografijama.<\/strong><\/p>\n<p>Nakon \u0161to je Instagram pro\u0161le sedmice najavio da \u0107e pro\u0161iriti skrivanje lajkova na podru\u010dje SAD-a, njegovi su korisnici u \u010detvrtak zahva\u0107eni tom promjenom. Adam Mosseri, voditelj Instagrama, rekao je da je cilj testiranja promjena na\u010dina na koji se ljudi, posebno mladi korisnici, osje\u0107aju na platformi dru\u0161tvenih medija.<\/p>\n<p><em>\u201cDanas, mali broj ljudi na Instagramu \u0161irom svijeta vi\u0161e ne\u0107e mo\u0107i vidjeti broj lajkova koje dobivaju fotografije drugih ljudi\u201d,<\/em>\u00a0izjavio je Mosseri na Twitteru u \u010detvrtak popodne.<\/p>\n<p>I dalje \u0107ete mo\u0107i vidjeti koliko je ljudi lajkalo va\u0161e fotografije.<\/p>\n<p>Instagram u vlasni\u0161tvu Facebooka, po\u010deo je testirati skrivanje broja lajkova po\u010detkom ove godine. Cilj testiranja je otkloniti dru\u0161tveni pritisak na to koliko \u0107e lajkova dobiti pojedini post na Instagramu, prenosi Geek.<\/p>\n<p>Testiranje ove vrste je zapo\u010delo na Facebooku, 27. septembra ove godine u Australiji. Sakriven je bio broj lajkova, pogleda i reakcija na postove. Facebook je dodao da \u0107e \u201cprikupiti povratne informacije kako bi vidjeli ho\u0107e li ova promjena pobolj\u0161ati iskustvo korisnika njihovih dru\u0161tvenih mre\u017ea\u201d.<\/p>\n<p>Promjena je zabrinula mnoge umjetnike, \u2018influencere\u2019 i slavne osobe, koji smatraju da bi mogli izgubiti followere i prihode, ako ova promjena postane stalna.<\/p>\n","protected":false},"excerpt":{"rendered":"<p>Od \u010detvrtka, odre\u0111eni korisnici vi\u0161e ne\u0107e mo\u0107i vidjeti broj lajkova na fotografijama. Nakon \u0161to je Instagram pro\u0161le sedmice najavio da \u0107e pro\u0161iriti skrivanje lajkova na podru\u010dje SAD-a, njegovi su korisnici u \u010detvrtak zahva\u0107eni tom promjenom. Adam Mosseri, voditelj Instagrama, rekao je da je cilj testiranja promjena na\u010dina na koji se ljudi, posebno mladi korisnici, osje\u0107aju [&hellip;]<\/p>\n","protected":false},"author":59,"featured_media":15338,"comment_status":"open","ping_status":"closed","sticky":false,"template":"","format":"standard","meta":{"inline_featured_image":false,"footnotes":""},"categories":[55],"tags":[],"class_list":{"0":"post-15336","1":"post","2":"type-post","3":"status-publish","4":"format-standard","5":"has-post-thumbnail","7":"category-tehnologija"},"acf":[],"_links":{"self":[{"href":"https:\/\/tvsensor.com\/api\/wp\/v2\/posts\/15336","targetHints":{"allow":["GET"]}}],"collection":[{"href":"https:\/\/tvsensor.com\/api\/wp\/v2\/posts"}],"about":[{"href":"https:\/\/tvsensor.com\/api\/wp\/v2\/types\/post"}],"author":[{"embeddable":true,"href":"https:\/\/tvsensor.com\/api\/wp\/v2\/users\/59"}],"replies":[{"embeddable":true,"href":"https:\/\/tvsensor.com\/api\/wp\/v2\/comments?post=15336"}],"version-history":[{"count":1,"href":"https:\/\/tvsensor.com\/api\/wp\/v2\/posts\/15336\/revisions"}],"predecessor-version":[{"id":15340,"href":"https:\/\/tvsensor.com\/api\/wp\/v2\/posts\/15336\/revisions\/15340"}],"wp:featuredmedia":[{"embeddable":true,"href":"https:\/\/tvsensor.com\/api\/wp\/v2\/media\/15338"}],"wp:attachment":[{"href":"https:\/\/tvsensor.com\/api\/wp\/v2\/media?parent=15336"}],"wp:term":[{"taxonomy":"category","embeddable":true,"href":"https:\/\/tvsensor.com\/api\/wp\/v2\/categories?post=15336"},{"taxonomy":"post_tag","embeddable":true,"href":"https:\/\/tvsensor.com\/api\/wp\/v2\/tags?post=15336"}],"curies":[{"name":"wp","href":"https:\/\/api.w.org\/{rel}","templated":true}]}}