{"id":15313,"date":"2019-11-19T16:45:40","date_gmt":"2019-11-19T15:45:40","guid":{"rendered":"https:\/\/senzor.ba\/?p=15313"},"modified":"2024-01-15T21:44:08","modified_gmt":"2024-01-15T20:44:08","slug":"un-jevrejska-naselja-na-palestinskom-teritoriju-krse-medjunarodno-pravo","status":"publish","type":"post","link":"https:\/\/tvsensor.com\/clanak\/un-jevrejska-naselja-na-palestinskom-teritoriju-krse-medjunarodno-pravo\/","title":{"rendered":"UN: Jevrejska naselja na palestinskom teritoriju kr\u0161e me\u0111unarodno pravo"},"content":{"rendered":"<p>Ured visokog komesara za ljudska prava Ujedinjenih nacija (OHCHR) je poru\u010dio da izgradnja jevrejskih naselja na okupiranom palestinskom podru\u010dju predstavlja &#8220;kr\u0161enje me\u0111unarodnog prava&#8221;, javlja Anadolu Agency (AA).<\/p>\n<p>U saop\u0107enju OHCHR-a se navodi da je to ve\u0107 dugo dobro poznati stav UN-a koji se ne\u0107e mijenjati.<\/p>\n<p>Rupert Colville, glasnogovornik OHCHR-a, u obra\u0107anju novinarima u \u017denevi je podsjetio na odluku Sjedinjenih Ameri\u010dkih Dr\u017eava (SAD) prema kojoj Washington jevrejska naselja na Zapadnoj obali vi\u0161e ne smatra ilegalnima.<\/p>\n<p>&#8220;Kao sastavni dio UN-a mo\u017eemo kazati da izgradnja jevrejskih naselja predstavlja kr\u0161enje me\u0111unarodnog prava&#8221;, kazao je Colville, dodaju\u0107i da je vrlo bitno po\u0161tovati norme me\u0111unarodnog prava.<\/p>\n<p>&#8220;Odre\u0111ena promjena u smislu politi\u010dke situacije u dr\u017eavi ne mijenja i me\u0111unarodno pravo niti odluke Me\u0111unarodnog suda pravde i Vije\u0107a sigurnosti UN-a&#8221;, rekao je Colville.<\/p>\n<p>Izraelski premijer Benjamin Netanyahu je prije prijevremenih izbora u Izraelu 17. septembra obe\u0107ao da \u0107e jevrejska naselja na Zapadnoj obali aneksijom pripojiti Izraelu.<\/p>\n<p>Ameri\u010dki dr\u017eavni sekretar Mike Pompeo ju\u010der je izjavio kako Sjedinjene Ameri\u010dke Dr\u017eave (SAD) jevrejska naselja na Zapadnoj obali vi\u0161e ne smatraju ilegalnim.<\/p>\n<p>Na podru\u010dju Zapadne obale, koju je Izrael okupirao 1967. godine, nalazi se blizu 250 ilegalnih jevrejskih naselja. U tim mjestima \u017eivi vi\u0161e od 400.000 jevrejskih doseljenika.<\/p>\n<p>Prema me\u0111unarodnom pravu, sva jevrejska naselja na okupiranom teritoriju smatraju se ilegalnima.<\/p>\n","protected":false},"excerpt":{"rendered":"<p>Ured visokog komesara za ljudska prava Ujedinjenih nacija (OHCHR) je poru\u010dio da izgradnja jevrejskih naselja na okupiranom palestinskom podru\u010dju predstavlja &#8220;kr\u0161enje me\u0111unarodnog prava&#8221;, javlja Anadolu Agency (AA). U saop\u0107enju OHCHR-a se navodi da je to ve\u0107 dugo dobro poznati stav UN-a koji se ne\u0107e mijenjati. Rupert Colville, glasnogovornik OHCHR-a, u obra\u0107anju novinarima u \u017denevi je [&hellip;]<\/p>\n","protected":false},"author":59,"featured_media":15314,"comment_status":"open","ping_status":"closed","sticky":false,"template":"","format":"standard","meta":{"inline_featured_image":false,"footnotes":""},"categories":[41],"tags":[],"class_list":{"0":"post-15313","1":"post","2":"type-post","3":"status-publish","4":"format-standard","5":"has-post-thumbnail","7":"category-svijet"},"acf":[],"_links":{"self":[{"href":"https:\/\/tvsensor.com\/api\/wp\/v2\/posts\/15313","targetHints":{"allow":["GET"]}}],"collection":[{"href":"https:\/\/tvsensor.com\/api\/wp\/v2\/posts"}],"about":[{"href":"https:\/\/tvsensor.com\/api\/wp\/v2\/types\/post"}],"author":[{"embeddable":true,"href":"https:\/\/tvsensor.com\/api\/wp\/v2\/users\/59"}],"replies":[{"embeddable":true,"href":"https:\/\/tvsensor.com\/api\/wp\/v2\/comments?post=15313"}],"version-history":[{"count":1,"href":"https:\/\/tvsensor.com\/api\/wp\/v2\/posts\/15313\/revisions"}],"predecessor-version":[{"id":15315,"href":"https:\/\/tvsensor.com\/api\/wp\/v2\/posts\/15313\/revisions\/15315"}],"wp:featuredmedia":[{"embeddable":true,"href":"https:\/\/tvsensor.com\/api\/wp\/v2\/media\/15314"}],"wp:attachment":[{"href":"https:\/\/tvsensor.com\/api\/wp\/v2\/media?parent=15313"}],"wp:term":[{"taxonomy":"category","embeddable":true,"href":"https:\/\/tvsensor.com\/api\/wp\/v2\/categories?post=15313"},{"taxonomy":"post_tag","embeddable":true,"href":"https:\/\/tvsensor.com\/api\/wp\/v2\/tags?post=15313"}],"curies":[{"name":"wp","href":"https:\/\/api.w.org\/{rel}","templated":true}]}}