{"id":15269,"date":"2019-11-14T10:31:42","date_gmt":"2019-11-14T10:31:42","guid":{"rendered":"https:\/\/senzor.ba\/?p=15269"},"modified":"2024-01-15T21:44:09","modified_gmt":"2024-01-15T20:44:09","slug":"njemackoj-jos-uvijek-fali-136-miliona-radnika-evo-sta-traze","status":"publish","type":"post","link":"https:\/\/tvsensor.com\/clanak\/njemackoj-jos-uvijek-fali-136-miliona-radnika-evo-sta-traze\/","title":{"rendered":"Njema\u010dkoj jo\u0161 uvijek fali 1,36 miliona radnika, evo \u0161ta tra\u017ee"},"content":{"rendered":"<p>Iako trenutno traje proces otpu\u0161tanja radnika kod nekoliko zvu\u010dnih velikih poslodavaca, potra\u017enja za radnicima u manjim i srednjim poduze\u0107ima je u porastu, rekao je Alexander Kubs iz Instituta za istra\u017eivanje tr\u017ei\u0161ta rada, koji djeluje pri Saveznom uredu za zapo\u0161ljavanje.<\/p>\n<p>On je pritom dodao kako se 1,18 od 1,36\u00a0miliona otvorenih radnih mjesta nalazi u preduze\u0107ima koje zapo\u0161ljavaju manje od 250 radnika.<\/p>\n<div class=\"article hasRelatedCard hasRelatedImg hasRelatedCardBody hasRelatedHeader\">\n<div class=\"card\"><\/div>\n<\/div>\n<p>Kubs je primijetio da potra\u017enja za radnicima opada u metalur\u0161koj bran\u0161i, dok je u gra\u0111evini u daljnjem porastu.<\/p>\n<p>&#8211; Gra\u0111evinarska bran\u0161a trenutno tra\u017ei preko 147.000 radnika, \u0161to je dosada\u0161nji rekord, rekao je Kubs.<\/p>\n<p>Potra\u017enja je tako\u0111er i dalje velika u trgovini i uslu\u017enim djelatnostima.<\/p>\n<p>U Njema\u010dku se posljednjih godina ponovno pove\u0107ala radna migracija, pri \u010demu prednja\u010de nove \u010dlanice Evropske unije poput Rumunije, Bugarske i Hrvatske, prenosi Hina.<\/p>\n<div class=\"article hasRelatedCard hasRelatedImg hasRelatedCardBody hasRelatedHeader\">\n<div class=\"card\"><\/div>\n<\/div>\n<p>U Njema\u010dkoj je krajem pro\u0161le godine \u017eivjelo gotovo 400.000 dr\u017eavljana Republike Hrvatske, \u0161to je 170 hiljada vi\u0161e nego 2012. godine, godine koja je prethodila ulasku Hrvatske u EU.<\/p>\n<p>Sljede\u0107e godine stupa na snagu i Zakon o useljavanju stru\u010dne radne snage koji \u0107e olak\u0161ati useljavanje stru\u010dnjaka izvan granica EU-a.<\/p>\n<p>MojaBiH<\/p>\n","protected":false},"excerpt":{"rendered":"<p>Iako trenutno traje proces otpu\u0161tanja radnika kod nekoliko zvu\u010dnih velikih poslodavaca, potra\u017enja za radnicima u manjim i srednjim poduze\u0107ima je u porastu, rekao je Alexander Kubs iz Instituta za istra\u017eivanje tr\u017ei\u0161ta rada, koji djeluje pri Saveznom uredu za zapo\u0161ljavanje. On je pritom dodao kako se 1,18 od 1,36\u00a0miliona otvorenih radnih mjesta nalazi u preduze\u0107ima koje [&hellip;]<\/p>\n","protected":false},"author":59,"featured_media":15270,"comment_status":"open","ping_status":"closed","sticky":false,"template":"","format":"standard","meta":{"inline_featured_image":false,"footnotes":""},"categories":[42,45],"tags":[],"class_list":{"0":"post-15269","1":"post","2":"type-post","3":"status-publish","4":"format-standard","5":"has-post-thumbnail","7":"category-ekonomija","8":"category-svijet-ekonomija"},"acf":[],"_links":{"self":[{"href":"https:\/\/tvsensor.com\/api\/wp\/v2\/posts\/15269","targetHints":{"allow":["GET"]}}],"collection":[{"href":"https:\/\/tvsensor.com\/api\/wp\/v2\/posts"}],"about":[{"href":"https:\/\/tvsensor.com\/api\/wp\/v2\/types\/post"}],"author":[{"embeddable":true,"href":"https:\/\/tvsensor.com\/api\/wp\/v2\/users\/59"}],"replies":[{"embeddable":true,"href":"https:\/\/tvsensor.com\/api\/wp\/v2\/comments?post=15269"}],"version-history":[{"count":1,"href":"https:\/\/tvsensor.com\/api\/wp\/v2\/posts\/15269\/revisions"}],"predecessor-version":[{"id":15272,"href":"https:\/\/tvsensor.com\/api\/wp\/v2\/posts\/15269\/revisions\/15272"}],"wp:featuredmedia":[{"embeddable":true,"href":"https:\/\/tvsensor.com\/api\/wp\/v2\/media\/15270"}],"wp:attachment":[{"href":"https:\/\/tvsensor.com\/api\/wp\/v2\/media?parent=15269"}],"wp:term":[{"taxonomy":"category","embeddable":true,"href":"https:\/\/tvsensor.com\/api\/wp\/v2\/categories?post=15269"},{"taxonomy":"post_tag","embeddable":true,"href":"https:\/\/tvsensor.com\/api\/wp\/v2\/tags?post=15269"}],"curies":[{"name":"wp","href":"https:\/\/api.w.org\/{rel}","templated":true}]}}